{"id":656,"date":"2026-03-12T13:15:11","date_gmt":"2026-03-12T12:15:11","guid":{"rendered":"https:\/\/www.sikkerhetsavisen.no\/?p=656"},"modified":"2026-03-12T13:15:11","modified_gmt":"2026-03-12T12:15:11","slug":"northcom-skal-levere-kommersielle-radio-og-5g-systemer-til-forsvaret","status":"publish","type":"post","link":"https:\/\/www.sikkerhetsavisen.no\/northcom-skal-levere-kommersielle-radio-og-5g-systemer-til-forsvaret\/","title":{"rendered":"Northcom skal levere kommersielle radio- og 5G-systemer til Forsvaret"},"content":{"rendered":"\n<h2 class=\"wp-block-heading\">Northcom har inng\u00e5tt rammeavtale\u00a0med\u00a0Forsvarsmateriell\u00a0om leveranse av kommersielle radio- og 5G-systemer til Forsvaret. Avtalen har en ramme p\u00e5 480 millioner kroner, og\u00a0er den st\u00f8rste i\u00a0Northcoms\u00a0historie.<\/h2>\n\n\n\n<p class=\"wp-block-paragraph\">Oslo&nbsp;02.&nbsp;mars.&nbsp;Rammeavtalen&nbsp;inneb\u00e6rer at&nbsp;Northcom&nbsp;skal bidra til&nbsp;utvikling av dagens&nbsp;l\u00f8sninger innenfor kommunikasjonsteknologi&nbsp;i Forsvaret, samt&nbsp;dekke fremtidige forsvars- og sikkerhetsmessige behov nasjonalt.<\/p>\n\n\n\n<p class=\"wp-block-paragraph\">-Vi er stolte over \u00e5 ha inng\u00e5tt denne avtalen med Forsvarsmateriell.&nbsp;I en tid med \u00f8kt sikkerhetspolitisk spenning, er det \u00e5 kunne bidra til trygg kommunikasjon i Forsvaret s\u00e6rlig meningsfylt, sier Bj\u00f8rn Windfeldt, CEO i&nbsp;Northcom.&nbsp;<\/p>\n\n\n\n<p class=\"wp-block-paragraph\">Rammeavtalen g\u00e5r over syv \u00e5r, inkludert opsjoner.&nbsp;<\/p>\n\n\n\n<p class=\"wp-block-paragraph\">&#8211;&nbsp;For oss har det v\u00e6rt viktig \u00e5 f\u00e5 en langsiktig avtale som gir trygghet for tilstrekkelige leveranser&nbsp;av kommersielle radio- og 5G-systemer.&nbsp;Avtalen med&nbsp;Northcom&nbsp;gir stabil og forutsigbar tilgang p\u00e5 kommunikasjonsteknologi i Forsvaret de neste \u00e5rene, sier Eiliv&nbsp;Ofigsb\u00f8, direkt\u00f8r for IKT-kapasiteter i Forsvarsmateriell.&nbsp;<\/p>\n\n\n\n<figure class=\"wp-block-embed is-type-wp-embed is-provider-jegeravisen-no wp-block-embed-jegeravisen-no\"><div class=\"wp-block-embed__wrapper\">\n<blockquote class=\"wp-embedded-content\" data-secret=\"mHKigagqxh\"><a href=\"https:\/\/jegeravisen.no\/slik-velger-du-riktig-kikkert-en-guide-til-ditt-neste-kjop\/\">Slik velger du riktig kikkert: En guide til ditt neste kj\u00f8p<\/a><\/blockquote><iframe loading=\"lazy\" class=\"wp-embedded-content\" sandbox=\"allow-scripts\" security=\"restricted\" style=\"position: absolute; visibility: hidden;\" title=\"&laquo;Slik velger du riktig kikkert: En guide til ditt neste kj\u00f8p&raquo; &#8212; Jegeravisen.no\" src=\"https:\/\/jegeravisen.no\/slik-velger-du-riktig-kikkert-en-guide-til-ditt-neste-kjop\/embed\/#?secret=EZXA3ixfYc#?secret=mHKigagqxh\" data-secret=\"mHKigagqxh\" width=\"500\" height=\"282\" frameborder=\"0\" marginwidth=\"0\" marginheight=\"0\" scrolling=\"no\"><\/iframe>\n<\/div><\/figure>\n\n\n\n<p class=\"wp-block-paragraph\">&nbsp;Northcom har v\u00e6rt leverand\u00f8r av kritisk kommunikasjonsteknologi til beredskapsetater og Forsvaret i flere \u00e5r. Rammeavtalen som n\u00e5 er inng\u00e5tt med Forsvarsmateriell, inneb\u00e6rer at Northcom skal dekke Forsvarets behov for kommersielle analoge og digitale radioer, smart-telefoner med spesielle funksjoner, 5G-rutere, hodetelefoner, forskjellig tilbeh\u00f8r og tjenester.<\/p>\n\n\n\n<p class=\"wp-block-paragraph\">-Form\u00e5let med rammeavtalen er \u00e5 sikre leveranse og tidsriktig kommunikasjonsteknologi, med tilh\u00f8rende utstyr, til bruk innenfor totalforsvaret.&nbsp;Forsvarsmateriell har gjennomf\u00f8rt en ryddig anskaffelsesprosess med et strukturert konkurransegrunnlag. Rammeavtalen er klar og oversiktlig, noe&nbsp;som gj\u00f8r den enkel \u00e5 forst\u00e5 og bruke, sier Windfeldt.&nbsp;&nbsp;<\/p>\n\n\n\n<p class=\"wp-block-paragraph\">\u202f&nbsp;Rammeavtalen med Forsvarsmateriell representerer en milep\u00e6l for\u202fNorthcom.\u202f&nbsp;<\/p>\n\n\n\n<p class=\"wp-block-paragraph\">&#8211; Det er den st\u00f8rste kontrakten i selskapets 40 \u00e5r lange historie. Med bakgrunn i denne kontrakten \u00f8nsker vi \u00e5 ta en enda tydeligere posisjon i det nordiske forsvarsmarked, sier Windfeldt.\u202f&nbsp;<\/p>\n","protected":false},"excerpt":{"rendered":"<p>Northcom har inng\u00e5tt rammeavtale\u00a0med\u00a0Forsvarsmateriell\u00a0om leveranse av kommersielle radio- og 5G-systemer til Forsvaret. Avtalen har en ramme p\u00e5 480 millioner kroner, og\u00a0er den st\u00f8rste i\u00a0Northcoms\u00a0historie. Oslo&nbsp;02.&nbsp;mars.&nbsp;Rammeavtalen&nbsp;inneb\u00e6rer at&nbsp;Northcom&nbsp;skal bidra til&nbsp;utvikling av dagens&nbsp;l\u00f8sninger innenfor kommunikasjonsteknologi&nbsp;i Forsvaret, samt&nbsp;dekke fremtidige &hellip; <a title=\"Northcom skal levere kommersielle radio- og 5G-systemer til Forsvaret\" class=\"exalt-read-more\" href=\"https:\/\/www.sikkerhetsavisen.no\/northcom-skal-levere-kommersielle-radio-og-5g-systemer-til-forsvaret\/\"><span class=\"screen-reader-text\">Northcom skal levere kommersielle radio- og 5G-systemer til Forsvaret<\/span>Read more<\/a><\/p>\n","protected":false},"author":1,"featured_media":657,"comment_status":"closed","ping_status":"open","sticky":false,"template":"","format":"standard","meta":{"footnotes":""},"categories":[3],"tags":[],"class_list":["post-656","post","type-post","status-publish","format-standard","has-post-thumbnail","hentry","category-nyheter","exalt-entry"],"yoast_head":"<!-- This site is optimized with the Yoast SEO plugin v28.3 - https:\/\/yoast.com\/product\/yoast-seo-wordpress\/ -->\n<title>Northcom skal levere kommersielle radio- og 5G-systemer til Forsvaret - Sikkerhetsavisen<\/title>\n<meta name=\"description\" content=\"Northcom skal levere kommersielle radio- og 5G-systemer til Forsvaret\" \/>\n<meta name=\"robots\" content=\"index, follow, max-snippet:-1, max-image-preview:large, max-video-preview:-1\" \/>\n<link rel=\"canonical\" href=\"https:\/\/www.sikkerhetsavisen.no\/northcom-skal-levere-kommersielle-radio-og-5g-systemer-til-forsvaret\/\" \/>\n<meta property=\"og:locale\" content=\"nb_NO\" \/>\n<meta property=\"og:type\" content=\"article\" \/>\n<meta property=\"og:title\" content=\"Northcom skal levere kommersielle radio- og 5G-systemer til Forsvaret - Sikkerhetsavisen\" \/>\n<meta property=\"og:description\" content=\"Northcom skal levere kommersielle radio- og 5G-systemer til Forsvaret\" \/>\n<meta property=\"og:url\" content=\"https:\/\/www.sikkerhetsavisen.no\/northcom-skal-levere-kommersielle-radio-og-5g-systemer-til-forsvaret\/\" \/>\n<meta property=\"og:site_name\" content=\"Sikkerhetsavisen\" \/>\n<meta property=\"article:publisher\" content=\"https:\/\/www.facebook.com\/profile.php?id=61577278190693\" \/>\n<meta property=\"article:published_time\" content=\"2026-03-12T12:15:11+00:00\" \/>\n<meta property=\"og:image\" content=\"https:\/\/www.sikkerhetsavisen.no\/wp-content\/uploads\/2026\/03\/f82205af-8595-4539-b5a6-3d30f121fdec-1024x683.png\" \/>\n\t<meta property=\"og:image:width\" content=\"1024\" \/>\n\t<meta property=\"og:image:height\" content=\"683\" \/>\n\t<meta property=\"og:image:type\" content=\"image\/png\" \/>\n<meta name=\"author\" content=\"Redaksjonen\" \/>\n<meta name=\"twitter:card\" content=\"summary_large_image\" \/>\n<meta name=\"twitter:label1\" content=\"Skrevet av\" \/>\n\t<meta name=\"twitter:data1\" content=\"Redaksjonen\" \/>\n\t<meta name=\"twitter:label2\" content=\"Ansl. lesetid\" \/>\n\t<meta name=\"twitter:data2\" content=\"2 minutter\" \/>\n<script type=\"application\/ld+json\" class=\"yoast-schema-graph\">{\"@context\":\"https:\\\/\\\/schema.org\",\"@graph\":[{\"@type\":\"Article\",\"@id\":\"https:\\\/\\\/www.sikkerhetsavisen.no\\\/northcom-skal-levere-kommersielle-radio-og-5g-systemer-til-forsvaret\\\/#article\",\"isPartOf\":{\"@id\":\"https:\\\/\\\/www.sikkerhetsavisen.no\\\/northcom-skal-levere-kommersielle-radio-og-5g-systemer-til-forsvaret\\\/\"},\"author\":{\"name\":\"Redaksjonen\",\"@id\":\"https:\\\/\\\/www.sikkerhetsavisen.no\\\/#\\\/schema\\\/person\\\/c427c5c9f1c38525e50fafd5c74e5d63\"},\"headline\":\"Northcom skal levere kommersielle radio- og 5G-systemer til Forsvaret\",\"datePublished\":\"2026-03-12T12:15:11+00:00\",\"mainEntityOfPage\":{\"@id\":\"https:\\\/\\\/www.sikkerhetsavisen.no\\\/northcom-skal-levere-kommersielle-radio-og-5g-systemer-til-forsvaret\\\/\"},\"wordCount\":325,\"publisher\":{\"@id\":\"https:\\\/\\\/www.sikkerhetsavisen.no\\\/#organization\"},\"image\":{\"@id\":\"https:\\\/\\\/www.sikkerhetsavisen.no\\\/northcom-skal-levere-kommersielle-radio-og-5g-systemer-til-forsvaret\\\/#primaryimage\"},\"thumbnailUrl\":\"https:\\\/\\\/www.sikkerhetsavisen.no\\\/wp-content\\\/uploads\\\/2026\\\/03\\\/f82205af-8595-4539-b5a6-3d30f121fdec.png\",\"articleSection\":[\"NYHETER\"],\"inLanguage\":\"nb-NO\"},{\"@type\":\"WebPage\",\"@id\":\"https:\\\/\\\/www.sikkerhetsavisen.no\\\/northcom-skal-levere-kommersielle-radio-og-5g-systemer-til-forsvaret\\\/\",\"url\":\"https:\\\/\\\/www.sikkerhetsavisen.no\\\/northcom-skal-levere-kommersielle-radio-og-5g-systemer-til-forsvaret\\\/\",\"name\":\"Northcom skal levere kommersielle radio- og 5G-systemer til Forsvaret - Sikkerhetsavisen\",\"isPartOf\":{\"@id\":\"https:\\\/\\\/www.sikkerhetsavisen.no\\\/#website\"},\"primaryImageOfPage\":{\"@id\":\"https:\\\/\\\/www.sikkerhetsavisen.no\\\/northcom-skal-levere-kommersielle-radio-og-5g-systemer-til-forsvaret\\\/#primaryimage\"},\"image\":{\"@id\":\"https:\\\/\\\/www.sikkerhetsavisen.no\\\/northcom-skal-levere-kommersielle-radio-og-5g-systemer-til-forsvaret\\\/#primaryimage\"},\"thumbnailUrl\":\"https:\\\/\\\/www.sikkerhetsavisen.no\\\/wp-content\\\/uploads\\\/2026\\\/03\\\/f82205af-8595-4539-b5a6-3d30f121fdec.png\",\"datePublished\":\"2026-03-12T12:15:11+00:00\",\"description\":\"Northcom skal levere kommersielle radio- og 5G-systemer til Forsvaret\",\"breadcrumb\":{\"@id\":\"https:\\\/\\\/www.sikkerhetsavisen.no\\\/northcom-skal-levere-kommersielle-radio-og-5g-systemer-til-forsvaret\\\/#breadcrumb\"},\"inLanguage\":\"nb-NO\",\"potentialAction\":[{\"@type\":\"ReadAction\",\"target\":[\"https:\\\/\\\/www.sikkerhetsavisen.no\\\/northcom-skal-levere-kommersielle-radio-og-5g-systemer-til-forsvaret\\\/\"]}]},{\"@type\":\"ImageObject\",\"inLanguage\":\"nb-NO\",\"@id\":\"https:\\\/\\\/www.sikkerhetsavisen.no\\\/northcom-skal-levere-kommersielle-radio-og-5g-systemer-til-forsvaret\\\/#primaryimage\",\"url\":\"https:\\\/\\\/www.sikkerhetsavisen.no\\\/wp-content\\\/uploads\\\/2026\\\/03\\\/f82205af-8595-4539-b5a6-3d30f121fdec.png\",\"contentUrl\":\"https:\\\/\\\/www.sikkerhetsavisen.no\\\/wp-content\\\/uploads\\\/2026\\\/03\\\/f82205af-8595-4539-b5a6-3d30f121fdec.png\",\"width\":1536,\"height\":1024,\"caption\":\"Illustrasjon: Fri Media \\\/ AI\"},{\"@type\":\"BreadcrumbList\",\"@id\":\"https:\\\/\\\/www.sikkerhetsavisen.no\\\/northcom-skal-levere-kommersielle-radio-og-5g-systemer-til-forsvaret\\\/#breadcrumb\",\"itemListElement\":[{\"@type\":\"ListItem\",\"position\":1,\"name\":\"Hjem\",\"item\":\"https:\\\/\\\/www.sikkerhetsavisen.no\\\/\"},{\"@type\":\"ListItem\",\"position\":2,\"name\":\"Northcom skal levere kommersielle radio- og 5G-systemer til Forsvaret\"}]},{\"@type\":\"WebSite\",\"@id\":\"https:\\\/\\\/www.sikkerhetsavisen.no\\\/#website\",\"url\":\"https:\\\/\\\/www.sikkerhetsavisen.no\\\/\",\"name\":\"Sikkerhetsavisen\",\"description\":\"Vi forteller deg det du trenger \u00e5 vite om beredskap og sikkerhet\",\"publisher\":{\"@id\":\"https:\\\/\\\/www.sikkerhetsavisen.no\\\/#organization\"},\"potentialAction\":[{\"@type\":\"SearchAction\",\"target\":{\"@type\":\"EntryPoint\",\"urlTemplate\":\"https:\\\/\\\/www.sikkerhetsavisen.no\\\/?s={search_term_string}\"},\"query-input\":{\"@type\":\"PropertyValueSpecification\",\"valueRequired\":true,\"valueName\":\"search_term_string\"}}],\"inLanguage\":\"nb-NO\"},{\"@type\":\"Organization\",\"@id\":\"https:\\\/\\\/www.sikkerhetsavisen.no\\\/#organization\",\"name\":\"Sikkerhetsavisen\",\"url\":\"https:\\\/\\\/www.sikkerhetsavisen.no\\\/\",\"logo\":{\"@type\":\"ImageObject\",\"inLanguage\":\"nb-NO\",\"@id\":\"https:\\\/\\\/www.sikkerhetsavisen.no\\\/#\\\/schema\\\/logo\\\/image\\\/\",\"url\":\"https:\\\/\\\/www.sikkerhetsavisen.no\\\/wp-content\\\/uploads\\\/2025\\\/05\\\/sa02.jpg\",\"contentUrl\":\"https:\\\/\\\/www.sikkerhetsavisen.no\\\/wp-content\\\/uploads\\\/2025\\\/05\\\/sa02.jpg\",\"width\":1024,\"height\":334,\"caption\":\"Sikkerhetsavisen\"},\"image\":{\"@id\":\"https:\\\/\\\/www.sikkerhetsavisen.no\\\/#\\\/schema\\\/logo\\\/image\\\/\"},\"sameAs\":[\"https:\\\/\\\/www.facebook.com\\\/profile.php?id=61577278190693\"]},{\"@type\":\"Person\",\"@id\":\"https:\\\/\\\/www.sikkerhetsavisen.no\\\/#\\\/schema\\\/person\\\/c427c5c9f1c38525e50fafd5c74e5d63\",\"name\":\"Redaksjonen\",\"image\":{\"@type\":\"ImageObject\",\"inLanguage\":\"nb-NO\",\"@id\":\"https:\\\/\\\/secure.gravatar.com\\\/avatar\\\/1ac6eb72a7beb235d85ed4b418d96f61e9431b643146ebcdef6add8c812377b7?s=96&d=mm&r=g\",\"url\":\"https:\\\/\\\/secure.gravatar.com\\\/avatar\\\/1ac6eb72a7beb235d85ed4b418d96f61e9431b643146ebcdef6add8c812377b7?s=96&d=mm&r=g\",\"contentUrl\":\"https:\\\/\\\/secure.gravatar.com\\\/avatar\\\/1ac6eb72a7beb235d85ed4b418d96f61e9431b643146ebcdef6add8c812377b7?s=96&d=mm&r=g\",\"caption\":\"Redaksjonen\"},\"sameAs\":[\"https:\\\/\\\/www.sikkerhetsavisen.no\"],\"url\":\"https:\\\/\\\/www.sikkerhetsavisen.no\\\/author\\\/knut\\\/\"}]}<\/script>\n<!-- \/ Yoast SEO plugin. -->","yoast_head_json":{"title":"Northcom skal levere kommersielle radio- og 5G-systemer til Forsvaret - Sikkerhetsavisen","description":"Northcom skal levere kommersielle radio- og 5G-systemer til Forsvaret","robots":{"index":"index","follow":"follow","max-snippet":"max-snippet:-1","max-image-preview":"max-image-preview:large","max-video-preview":"max-video-preview:-1"},"canonical":"https:\/\/www.sikkerhetsavisen.no\/northcom-skal-levere-kommersielle-radio-og-5g-systemer-til-forsvaret\/","og_locale":"nb_NO","og_type":"article","og_title":"Northcom skal levere kommersielle radio- og 5G-systemer til Forsvaret - Sikkerhetsavisen","og_description":"Northcom skal levere kommersielle radio- og 5G-systemer til Forsvaret","og_url":"https:\/\/www.sikkerhetsavisen.no\/northcom-skal-levere-kommersielle-radio-og-5g-systemer-til-forsvaret\/","og_site_name":"Sikkerhetsavisen","article_publisher":"https:\/\/www.facebook.com\/profile.php?id=61577278190693","article_published_time":"2026-03-12T12:15:11+00:00","og_image":[{"width":1024,"height":683,"url":"https:\/\/www.sikkerhetsavisen.no\/wp-content\/uploads\/2026\/03\/f82205af-8595-4539-b5a6-3d30f121fdec-1024x683.png","type":"image\/png"}],"author":"Redaksjonen","twitter_card":"summary_large_image","twitter_misc":{"Skrevet av":"Redaksjonen","Ansl. lesetid":"2 minutter"},"schema":{"@context":"https:\/\/schema.org","@graph":[{"@type":"Article","@id":"https:\/\/www.sikkerhetsavisen.no\/northcom-skal-levere-kommersielle-radio-og-5g-systemer-til-forsvaret\/#article","isPartOf":{"@id":"https:\/\/www.sikkerhetsavisen.no\/northcom-skal-levere-kommersielle-radio-og-5g-systemer-til-forsvaret\/"},"author":{"name":"Redaksjonen","@id":"https:\/\/www.sikkerhetsavisen.no\/#\/schema\/person\/c427c5c9f1c38525e50fafd5c74e5d63"},"headline":"Northcom skal levere kommersielle radio- og 5G-systemer til Forsvaret","datePublished":"2026-03-12T12:15:11+00:00","mainEntityOfPage":{"@id":"https:\/\/www.sikkerhetsavisen.no\/northcom-skal-levere-kommersielle-radio-og-5g-systemer-til-forsvaret\/"},"wordCount":325,"publisher":{"@id":"https:\/\/www.sikkerhetsavisen.no\/#organization"},"image":{"@id":"https:\/\/www.sikkerhetsavisen.no\/northcom-skal-levere-kommersielle-radio-og-5g-systemer-til-forsvaret\/#primaryimage"},"thumbnailUrl":"https:\/\/www.sikkerhetsavisen.no\/wp-content\/uploads\/2026\/03\/f82205af-8595-4539-b5a6-3d30f121fdec.png","articleSection":["NYHETER"],"inLanguage":"nb-NO"},{"@type":"WebPage","@id":"https:\/\/www.sikkerhetsavisen.no\/northcom-skal-levere-kommersielle-radio-og-5g-systemer-til-forsvaret\/","url":"https:\/\/www.sikkerhetsavisen.no\/northcom-skal-levere-kommersielle-radio-og-5g-systemer-til-forsvaret\/","name":"Northcom skal levere kommersielle radio- og 5G-systemer til Forsvaret - Sikkerhetsavisen","isPartOf":{"@id":"https:\/\/www.sikkerhetsavisen.no\/#website"},"primaryImageOfPage":{"@id":"https:\/\/www.sikkerhetsavisen.no\/northcom-skal-levere-kommersielle-radio-og-5g-systemer-til-forsvaret\/#primaryimage"},"image":{"@id":"https:\/\/www.sikkerhetsavisen.no\/northcom-skal-levere-kommersielle-radio-og-5g-systemer-til-forsvaret\/#primaryimage"},"thumbnailUrl":"https:\/\/www.sikkerhetsavisen.no\/wp-content\/uploads\/2026\/03\/f82205af-8595-4539-b5a6-3d30f121fdec.png","datePublished":"2026-03-12T12:15:11+00:00","description":"Northcom skal levere kommersielle radio- og 5G-systemer til Forsvaret","breadcrumb":{"@id":"https:\/\/www.sikkerhetsavisen.no\/northcom-skal-levere-kommersielle-radio-og-5g-systemer-til-forsvaret\/#breadcrumb"},"inLanguage":"nb-NO","potentialAction":[{"@type":"ReadAction","target":["https:\/\/www.sikkerhetsavisen.no\/northcom-skal-levere-kommersielle-radio-og-5g-systemer-til-forsvaret\/"]}]},{"@type":"ImageObject","inLanguage":"nb-NO","@id":"https:\/\/www.sikkerhetsavisen.no\/northcom-skal-levere-kommersielle-radio-og-5g-systemer-til-forsvaret\/#primaryimage","url":"https:\/\/www.sikkerhetsavisen.no\/wp-content\/uploads\/2026\/03\/f82205af-8595-4539-b5a6-3d30f121fdec.png","contentUrl":"https:\/\/www.sikkerhetsavisen.no\/wp-content\/uploads\/2026\/03\/f82205af-8595-4539-b5a6-3d30f121fdec.png","width":1536,"height":1024,"caption":"Illustrasjon: Fri Media \/ AI"},{"@type":"BreadcrumbList","@id":"https:\/\/www.sikkerhetsavisen.no\/northcom-skal-levere-kommersielle-radio-og-5g-systemer-til-forsvaret\/#breadcrumb","itemListElement":[{"@type":"ListItem","position":1,"name":"Hjem","item":"https:\/\/www.sikkerhetsavisen.no\/"},{"@type":"ListItem","position":2,"name":"Northcom skal levere kommersielle radio- og 5G-systemer til Forsvaret"}]},{"@type":"WebSite","@id":"https:\/\/www.sikkerhetsavisen.no\/#website","url":"https:\/\/www.sikkerhetsavisen.no\/","name":"Sikkerhetsavisen","description":"Vi forteller deg det du trenger \u00e5 vite om beredskap og sikkerhet","publisher":{"@id":"https:\/\/www.sikkerhetsavisen.no\/#organization"},"potentialAction":[{"@type":"SearchAction","target":{"@type":"EntryPoint","urlTemplate":"https:\/\/www.sikkerhetsavisen.no\/?s={search_term_string}"},"query-input":{"@type":"PropertyValueSpecification","valueRequired":true,"valueName":"search_term_string"}}],"inLanguage":"nb-NO"},{"@type":"Organization","@id":"https:\/\/www.sikkerhetsavisen.no\/#organization","name":"Sikkerhetsavisen","url":"https:\/\/www.sikkerhetsavisen.no\/","logo":{"@type":"ImageObject","inLanguage":"nb-NO","@id":"https:\/\/www.sikkerhetsavisen.no\/#\/schema\/logo\/image\/","url":"https:\/\/www.sikkerhetsavisen.no\/wp-content\/uploads\/2025\/05\/sa02.jpg","contentUrl":"https:\/\/www.sikkerhetsavisen.no\/wp-content\/uploads\/2025\/05\/sa02.jpg","width":1024,"height":334,"caption":"Sikkerhetsavisen"},"image":{"@id":"https:\/\/www.sikkerhetsavisen.no\/#\/schema\/logo\/image\/"},"sameAs":["https:\/\/www.facebook.com\/profile.php?id=61577278190693"]},{"@type":"Person","@id":"https:\/\/www.sikkerhetsavisen.no\/#\/schema\/person\/c427c5c9f1c38525e50fafd5c74e5d63","name":"Redaksjonen","image":{"@type":"ImageObject","inLanguage":"nb-NO","@id":"https:\/\/secure.gravatar.com\/avatar\/1ac6eb72a7beb235d85ed4b418d96f61e9431b643146ebcdef6add8c812377b7?s=96&d=mm&r=g","url":"https:\/\/secure.gravatar.com\/avatar\/1ac6eb72a7beb235d85ed4b418d96f61e9431b643146ebcdef6add8c812377b7?s=96&d=mm&r=g","contentUrl":"https:\/\/secure.gravatar.com\/avatar\/1ac6eb72a7beb235d85ed4b418d96f61e9431b643146ebcdef6add8c812377b7?s=96&d=mm&r=g","caption":"Redaksjonen"},"sameAs":["https:\/\/www.sikkerhetsavisen.no"],"url":"https:\/\/www.sikkerhetsavisen.no\/author\/knut\/"}]}},"_links":{"self":[{"href":"https:\/\/www.sikkerhetsavisen.no\/?rest_route=\/wp\/v2\/posts\/656","targetHints":{"allow":["GET"]}}],"collection":[{"href":"https:\/\/www.sikkerhetsavisen.no\/?rest_route=\/wp\/v2\/posts"}],"about":[{"href":"https:\/\/www.sikkerhetsavisen.no\/?rest_route=\/wp\/v2\/types\/post"}],"author":[{"embeddable":true,"href":"https:\/\/www.sikkerhetsavisen.no\/?rest_route=\/wp\/v2\/users\/1"}],"replies":[{"embeddable":true,"href":"https:\/\/www.sikkerhetsavisen.no\/?rest_route=%2Fwp%2Fv2%2Fcomments&post=656"}],"version-history":[{"count":1,"href":"https:\/\/www.sikkerhetsavisen.no\/?rest_route=\/wp\/v2\/posts\/656\/revisions"}],"predecessor-version":[{"id":658,"href":"https:\/\/www.sikkerhetsavisen.no\/?rest_route=\/wp\/v2\/posts\/656\/revisions\/658"}],"wp:featuredmedia":[{"embeddable":true,"href":"https:\/\/www.sikkerhetsavisen.no\/?rest_route=\/wp\/v2\/media\/657"}],"wp:attachment":[{"href":"https:\/\/www.sikkerhetsavisen.no\/?rest_route=%2Fwp%2Fv2%2Fmedia&parent=656"}],"wp:term":[{"taxonomy":"category","embeddable":true,"href":"https:\/\/www.sikkerhetsavisen.no\/?rest_route=%2Fwp%2Fv2%2Fcategories&post=656"},{"taxonomy":"post_tag","embeddable":true,"href":"https:\/\/www.sikkerhetsavisen.no\/?rest_route=%2Fwp%2Fv2%2Ftags&post=656"}],"curies":[{"name":"wp","href":"https:\/\/api.w.org\/{rel}","templated":true}]}}