{"id":257,"date":"2025-05-25T13:42:32","date_gmt":"2025-05-25T12:42:32","guid":{"rendered":"https:\/\/www.sikkerhetsavisen.no\/?p=257"},"modified":"2025-05-25T13:53:36","modified_gmt":"2025-05-25T12:53:36","slug":"naeringslivet-ma-tettere-pa-totalforsvaret-det-handler-ikke-om-vi-blir-angrepet-men-nar","status":"publish","type":"post","link":"https:\/\/www.sikkerhetsavisen.no\/naeringslivet-ma-tettere-pa-totalforsvaret-det-handler-ikke-om-vi-blir-angrepet-men-nar\/","title":{"rendered":"N\u00e6ringslivet m\u00e5 tettere p\u00e5 totalforsvaret: &#8211; Det handler ikke om vi blir angrepet, men n\u00e5r"},"content":{"rendered":"\n<p class=\"wp-block-paragraph\"><strong>Den siste uken har Telenor samlet akt\u00f8rer fra sivil, milit\u00e6r, offentlig og privat sektor til \u00e5rlig \u00f8velse i cyberforsvar og digital hendelsesh\u00e5ndtering. \u00d8velsens m\u00e5l er \u00e5 styrke og forbedre totalforsvaret av Norge.<\/strong><\/p>\n\n\n\n<p class=\"wp-block-paragraph\">Samme uke som \u00f8velsen fant sted la Riksrevisjonen frem Dokument 3:11 Totalforsvaret i sikkerhetspolitisk krise og krig hvor de p\u00e5pekte mangler i Norges totalforsvar. I sin redegj\u00f8relse tydeliggj\u00f8r Riksrevisjonen behovet for god samhandling, koordinering og erfaringsoverf\u00f8ring mellom totalforsvarsakt\u00f8rene i Norge.<\/p>\n\n\n\n<p class=\"wp-block-paragraph\">&#8211; Evnen til \u00e5 h\u00e5ndtere b\u00e5de hendelser og kriser ligger i forberedelsene: I planer, i trening, i \u00f8velser, i samhandling og tenkesett. I cyberdomenet, der alt skjer stadig fortere, er vi alltid n\u00f8dt til \u00e5 ligge foran. Derfor har vi laget \u00d8velse Bukkesprang \u2013 ett av Telenors bidrag til totalforsvaret, sier administrerende direkt\u00f8r i Telenor Norge, Birgitte Engebretsen.<\/p>\n\n\n\n<h3 class=\"wp-block-heading\">&nbsp;<br><strong>Styrke felles motstandsevne<\/strong><\/h3>\n\n\n\n<figure class=\"wp-block-embed is-type-wp-embed is-provider-jegeravisen-no wp-block-embed-jegeravisen-no\"><div class=\"wp-block-embed__wrapper\">\n<blockquote class=\"wp-embedded-content\" data-secret=\"FX0SzGwHuI\"><a href=\"https:\/\/jegeravisen.no\/guide-til-a-velge-riktig-hodelykt\/\">Guide til \u00e5 velge riktig hodelykt<\/a><\/blockquote><iframe loading=\"lazy\" class=\"wp-embedded-content\" sandbox=\"allow-scripts\" security=\"restricted\" style=\"position: absolute; visibility: hidden;\" title=\"&laquo;Guide til \u00e5 velge riktig hodelykt&raquo; &#8212; Jegeravisen.no\" src=\"https:\/\/jegeravisen.no\/guide-til-a-velge-riktig-hodelykt\/embed\/#?secret=RqrtnFO6t9#?secret=FX0SzGwHuI\" data-secret=\"FX0SzGwHuI\" width=\"500\" height=\"282\" frameborder=\"0\" marginwidth=\"0\" marginheight=\"0\" scrolling=\"no\"><\/iframe>\n<\/div><\/figure>\n\n\n\n<p class=\"wp-block-paragraph\"><br>&nbsp;&#8211; Trusselsituasjonen i og mot Norge har endret seg mye i l\u00f8pet av kort tid. Vi som er leverand\u00f8rer av kritisk infrastruktur, m\u00e5 forberede oss p\u00e5 scenarier som f\u00f8r var utenkelige. Vi m\u00e5 alle \u00f8ke innsatsen for \u00e5 styrke egen motstandsdyktighet, ikke minst gjelder dette n\u00e6ringslivet. Det handler ikke om hvorvidt vi kommer til \u00e5 bli angrepet eller ei. Det handler om n\u00e5r. Derfor er det helt avgj\u00f8rende at vi er best mulig forberedt, sier Engebretsen.&nbsp;<\/p>\n\n\n\n<p class=\"wp-block-paragraph\">\u00d8velse Bukkesprang er en totalforsvars\u00f8velse som eies og arrangeres av Telenor, i samarbeid med Cyberforsvaret og Nasjonal Sikkerhetsmyndighet. \u00d8velsen er unik i norsk sammenheng ettersom den arrangeres av en privat n\u00e6ringslivsakt\u00f8r og samler alle disse sektorene og viktige virksomheter i totalforsvaret av Norge.&nbsp;<\/p>\n\n\n\n<p class=\"wp-block-paragraph\"><br>&#8211; Gjennom \u00e5rets \u00f8velse har deltakere f\u00e5tt jobbe med cyberangrep som rammer bredt, og som ville ha hatt store konsekvenser for flere sektorer og samfunnskritiske tjenester dersom disse angrepene var reelle. Deltakerne, som utgj\u00f8r noen av de fremste sikkerhetshodene i landet, har jobbet sammen og l\u00e6rt av hverandre, utvekslet erfaringer og ikke minst, bygget relasjoner, fortsetter Engebretsen.&nbsp;<\/p>\n\n\n\n<h3 class=\"wp-block-heading\"><br><strong>N\u00e6ringslivet m\u00e5 tettere p\u00e5 totalforsvaret<\/strong><\/h3>\n\n\n\n<p class=\"wp-block-paragraph\"><br>Erfaringer Telenor har gjort gjennom flere \u00e5r med denne \u00f8velsen er at samhandling og \u00f8velse p\u00e5 tvers av offentlig og privat sektor er sv\u00e6rt verdifullt. Et omr\u00e5de hvor vi i Norge fortsatt ikke har kommet langt nok, er \u00e5 knytte n\u00e6ringslivet tett nok p\u00e5 totalforsvaret.&nbsp;<\/p>\n\n\n\n<p class=\"wp-block-paragraph\"><br>&#8211; Vi ser at mange st\u00f8rre virksomheter som utgj\u00f8r en naturlig del av totalforsvaret, fortsatt ikke er fast inkludert i relevante fora. Dette er en svakhet for v\u00e5r samlede nasjonale motstandsdyktighet. Relevante myndigheter b\u00f8r s\u00f8rge for at utvalgte og sentrale virksomheter systematisk integreres i totalforsvaret. Her trenger vi et taktskifte, avslutter Engebretsen.<\/p>\n\n\n\n<p class=\"wp-block-paragraph\"><br>\u00c5rets \u00f8velse har involvert om lag 160 \u00f8vende personer fra n\u00e6rmere 70 forskjellige virksomheter. De har trent teknisk, taktisk, operativt og strategisk.&nbsp;<\/p>\n\n\n\n<p class=\"wp-block-paragraph\">Les mer om&nbsp;<a href=\"https:\/\/bukkesprang.no\/\" target=\"_blank\" rel=\"noreferrer noopener\">\u00d8velse Bukkesprang<\/a><\/p>\n\n\n\n<p class=\"wp-block-paragraph\"><\/p>\n","protected":false},"excerpt":{"rendered":"<p>Den siste uken har Telenor samlet akt\u00f8rer fra sivil, milit\u00e6r, offentlig og privat sektor til \u00e5rlig \u00f8velse i cyberforsvar og digital hendelsesh\u00e5ndtering. \u00d8velsens m\u00e5l er \u00e5 styrke og forbedre totalforsvaret av Norge. Samme uke som &hellip; <a title=\"N\u00e6ringslivet m\u00e5 tettere p\u00e5 totalforsvaret: &#8211; Det handler ikke om vi blir angrepet, men n\u00e5r\" class=\"exalt-read-more\" href=\"https:\/\/www.sikkerhetsavisen.no\/naeringslivet-ma-tettere-pa-totalforsvaret-det-handler-ikke-om-vi-blir-angrepet-men-nar\/\"><span class=\"screen-reader-text\">N\u00e6ringslivet m\u00e5 tettere p\u00e5 totalforsvaret: &#8211; Det handler ikke om vi blir angrepet, men n\u00e5r<\/span>Read more<\/a><\/p>\n","protected":false},"author":1,"featured_media":258,"comment_status":"closed","ping_status":"open","sticky":false,"template":"","format":"standard","meta":{"footnotes":""},"categories":[4,3],"tags":[],"class_list":["post-257","post","type-post","status-publish","format-standard","has-post-thumbnail","hentry","category-nasjonal-sikkerhet","category-nyheter","exalt-entry"],"yoast_head":"<!-- This site is optimized with the Yoast SEO plugin v28.3 - https:\/\/yoast.com\/product\/yoast-seo-wordpress\/ -->\n<title>N\u00e6ringslivet m\u00e5 tettere p\u00e5 totalforsvaret: - Det handler ikke om vi blir angrepet, men n\u00e5r - Sikkerhetsavisen<\/title>\n<meta name=\"robots\" content=\"index, follow, max-snippet:-1, max-image-preview:large, max-video-preview:-1\" \/>\n<link rel=\"canonical\" href=\"https:\/\/www.sikkerhetsavisen.no\/naeringslivet-ma-tettere-pa-totalforsvaret-det-handler-ikke-om-vi-blir-angrepet-men-nar\/\" \/>\n<meta property=\"og:locale\" content=\"nb_NO\" \/>\n<meta property=\"og:type\" content=\"article\" \/>\n<meta property=\"og:title\" content=\"N\u00e6ringslivet m\u00e5 tettere p\u00e5 totalforsvaret: - Det handler ikke om vi blir angrepet, men n\u00e5r - Sikkerhetsavisen\" \/>\n<meta property=\"og:description\" content=\"Den siste uken har Telenor samlet akt\u00f8rer fra sivil, milit\u00e6r, offentlig og privat sektor til \u00e5rlig \u00f8velse i cyberforsvar og digital hendelsesh\u00e5ndtering. \u00d8velsens m\u00e5l er \u00e5 styrke og forbedre totalforsvaret av Norge. Samme uke som &hellip; N\u00e6ringslivet m\u00e5 tettere p\u00e5 totalforsvaret: &#8211; Det handler ikke om vi blir angrepet, men n\u00e5rRead more\" \/>\n<meta property=\"og:url\" content=\"https:\/\/www.sikkerhetsavisen.no\/naeringslivet-ma-tettere-pa-totalforsvaret-det-handler-ikke-om-vi-blir-angrepet-men-nar\/\" \/>\n<meta property=\"og:site_name\" content=\"Sikkerhetsavisen\" \/>\n<meta property=\"article:publisher\" content=\"https:\/\/www.facebook.com\/profile.php?id=61577278190693\" \/>\n<meta property=\"article:published_time\" content=\"2025-05-25T12:42:32+00:00\" \/>\n<meta property=\"article:modified_time\" content=\"2025-05-25T12:53:36+00:00\" \/>\n<meta property=\"og:image\" content=\"https:\/\/www.sikkerhetsavisen.no\/wp-content\/uploads\/2025\/05\/db3e4ae0-40fb-418e-aec9-9640a98024ad-w_960.jpg\" \/>\n\t<meta property=\"og:image:width\" content=\"960\" \/>\n\t<meta property=\"og:image:height\" content=\"600\" \/>\n\t<meta property=\"og:image:type\" content=\"image\/jpeg\" \/>\n<meta name=\"author\" content=\"Redaksjonen\" \/>\n<meta name=\"twitter:card\" content=\"summary_large_image\" \/>\n<meta name=\"twitter:label1\" content=\"Skrevet av\" \/>\n\t<meta name=\"twitter:data1\" content=\"Redaksjonen\" \/>\n\t<meta name=\"twitter:label2\" content=\"Ansl. lesetid\" \/>\n\t<meta name=\"twitter:data2\" content=\"2 minutter\" \/>\n<script type=\"application\/ld+json\" class=\"yoast-schema-graph\">{\"@context\":\"https:\\\/\\\/schema.org\",\"@graph\":[{\"@type\":\"Article\",\"@id\":\"https:\\\/\\\/www.sikkerhetsavisen.no\\\/naeringslivet-ma-tettere-pa-totalforsvaret-det-handler-ikke-om-vi-blir-angrepet-men-nar\\\/#article\",\"isPartOf\":{\"@id\":\"https:\\\/\\\/www.sikkerhetsavisen.no\\\/naeringslivet-ma-tettere-pa-totalforsvaret-det-handler-ikke-om-vi-blir-angrepet-men-nar\\\/\"},\"author\":{\"name\":\"Redaksjonen\",\"@id\":\"https:\\\/\\\/www.sikkerhetsavisen.no\\\/#\\\/schema\\\/person\\\/c427c5c9f1c38525e50fafd5c74e5d63\"},\"headline\":\"N\u00e6ringslivet m\u00e5 tettere p\u00e5 totalforsvaret: &#8211; Det handler ikke om vi blir angrepet, men n\u00e5r\",\"datePublished\":\"2025-05-25T12:42:32+00:00\",\"dateModified\":\"2025-05-25T12:53:36+00:00\",\"mainEntityOfPage\":{\"@id\":\"https:\\\/\\\/www.sikkerhetsavisen.no\\\/naeringslivet-ma-tettere-pa-totalforsvaret-det-handler-ikke-om-vi-blir-angrepet-men-nar\\\/\"},\"wordCount\":492,\"publisher\":{\"@id\":\"https:\\\/\\\/www.sikkerhetsavisen.no\\\/#organization\"},\"image\":{\"@id\":\"https:\\\/\\\/www.sikkerhetsavisen.no\\\/naeringslivet-ma-tettere-pa-totalforsvaret-det-handler-ikke-om-vi-blir-angrepet-men-nar\\\/#primaryimage\"},\"thumbnailUrl\":\"https:\\\/\\\/www.sikkerhetsavisen.no\\\/wp-content\\\/uploads\\\/2025\\\/05\\\/db3e4ae0-40fb-418e-aec9-9640a98024ad-w_960.jpg\",\"articleSection\":[\"Nasjonal sikkerhet\",\"NYHETER\"],\"inLanguage\":\"nb-NO\"},{\"@type\":\"WebPage\",\"@id\":\"https:\\\/\\\/www.sikkerhetsavisen.no\\\/naeringslivet-ma-tettere-pa-totalforsvaret-det-handler-ikke-om-vi-blir-angrepet-men-nar\\\/\",\"url\":\"https:\\\/\\\/www.sikkerhetsavisen.no\\\/naeringslivet-ma-tettere-pa-totalforsvaret-det-handler-ikke-om-vi-blir-angrepet-men-nar\\\/\",\"name\":\"N\u00e6ringslivet m\u00e5 tettere p\u00e5 totalforsvaret: - Det handler ikke om vi blir angrepet, men n\u00e5r - Sikkerhetsavisen\",\"isPartOf\":{\"@id\":\"https:\\\/\\\/www.sikkerhetsavisen.no\\\/#website\"},\"primaryImageOfPage\":{\"@id\":\"https:\\\/\\\/www.sikkerhetsavisen.no\\\/naeringslivet-ma-tettere-pa-totalforsvaret-det-handler-ikke-om-vi-blir-angrepet-men-nar\\\/#primaryimage\"},\"image\":{\"@id\":\"https:\\\/\\\/www.sikkerhetsavisen.no\\\/naeringslivet-ma-tettere-pa-totalforsvaret-det-handler-ikke-om-vi-blir-angrepet-men-nar\\\/#primaryimage\"},\"thumbnailUrl\":\"https:\\\/\\\/www.sikkerhetsavisen.no\\\/wp-content\\\/uploads\\\/2025\\\/05\\\/db3e4ae0-40fb-418e-aec9-9640a98024ad-w_960.jpg\",\"datePublished\":\"2025-05-25T12:42:32+00:00\",\"dateModified\":\"2025-05-25T12:53:36+00:00\",\"breadcrumb\":{\"@id\":\"https:\\\/\\\/www.sikkerhetsavisen.no\\\/naeringslivet-ma-tettere-pa-totalforsvaret-det-handler-ikke-om-vi-blir-angrepet-men-nar\\\/#breadcrumb\"},\"inLanguage\":\"nb-NO\",\"potentialAction\":[{\"@type\":\"ReadAction\",\"target\":[\"https:\\\/\\\/www.sikkerhetsavisen.no\\\/naeringslivet-ma-tettere-pa-totalforsvaret-det-handler-ikke-om-vi-blir-angrepet-men-nar\\\/\"]}]},{\"@type\":\"ImageObject\",\"inLanguage\":\"nb-NO\",\"@id\":\"https:\\\/\\\/www.sikkerhetsavisen.no\\\/naeringslivet-ma-tettere-pa-totalforsvaret-det-handler-ikke-om-vi-blir-angrepet-men-nar\\\/#primaryimage\",\"url\":\"https:\\\/\\\/www.sikkerhetsavisen.no\\\/wp-content\\\/uploads\\\/2025\\\/05\\\/db3e4ae0-40fb-418e-aec9-9640a98024ad-w_960.jpg\",\"contentUrl\":\"https:\\\/\\\/www.sikkerhetsavisen.no\\\/wp-content\\\/uploads\\\/2025\\\/05\\\/db3e4ae0-40fb-418e-aec9-9640a98024ad-w_960.jpg\",\"width\":960,\"height\":600,\"caption\":\"Telenor arrangerte denne uken \u00d8velse Bukkesprang med om lag 160 deltakere fra 70 virksomheter. Martin Fjellanger\"},{\"@type\":\"BreadcrumbList\",\"@id\":\"https:\\\/\\\/www.sikkerhetsavisen.no\\\/naeringslivet-ma-tettere-pa-totalforsvaret-det-handler-ikke-om-vi-blir-angrepet-men-nar\\\/#breadcrumb\",\"itemListElement\":[{\"@type\":\"ListItem\",\"position\":1,\"name\":\"Hjem\",\"item\":\"https:\\\/\\\/www.sikkerhetsavisen.no\\\/\"},{\"@type\":\"ListItem\",\"position\":2,\"name\":\"N\u00e6ringslivet m\u00e5 tettere p\u00e5 totalforsvaret: &#8211; Det handler ikke om vi blir angrepet, men n\u00e5r\"}]},{\"@type\":\"WebSite\",\"@id\":\"https:\\\/\\\/www.sikkerhetsavisen.no\\\/#website\",\"url\":\"https:\\\/\\\/www.sikkerhetsavisen.no\\\/\",\"name\":\"Sikkerhetsavisen\",\"description\":\"Vi forteller deg det du trenger \u00e5 vite om beredskap og sikkerhet\",\"publisher\":{\"@id\":\"https:\\\/\\\/www.sikkerhetsavisen.no\\\/#organization\"},\"potentialAction\":[{\"@type\":\"SearchAction\",\"target\":{\"@type\":\"EntryPoint\",\"urlTemplate\":\"https:\\\/\\\/www.sikkerhetsavisen.no\\\/?s={search_term_string}\"},\"query-input\":{\"@type\":\"PropertyValueSpecification\",\"valueRequired\":true,\"valueName\":\"search_term_string\"}}],\"inLanguage\":\"nb-NO\"},{\"@type\":\"Organization\",\"@id\":\"https:\\\/\\\/www.sikkerhetsavisen.no\\\/#organization\",\"name\":\"Sikkerhetsavisen\",\"url\":\"https:\\\/\\\/www.sikkerhetsavisen.no\\\/\",\"logo\":{\"@type\":\"ImageObject\",\"inLanguage\":\"nb-NO\",\"@id\":\"https:\\\/\\\/www.sikkerhetsavisen.no\\\/#\\\/schema\\\/logo\\\/image\\\/\",\"url\":\"https:\\\/\\\/www.sikkerhetsavisen.no\\\/wp-content\\\/uploads\\\/2025\\\/05\\\/sa02.jpg\",\"contentUrl\":\"https:\\\/\\\/www.sikkerhetsavisen.no\\\/wp-content\\\/uploads\\\/2025\\\/05\\\/sa02.jpg\",\"width\":1024,\"height\":334,\"caption\":\"Sikkerhetsavisen\"},\"image\":{\"@id\":\"https:\\\/\\\/www.sikkerhetsavisen.no\\\/#\\\/schema\\\/logo\\\/image\\\/\"},\"sameAs\":[\"https:\\\/\\\/www.facebook.com\\\/profile.php?id=61577278190693\"]},{\"@type\":\"Person\",\"@id\":\"https:\\\/\\\/www.sikkerhetsavisen.no\\\/#\\\/schema\\\/person\\\/c427c5c9f1c38525e50fafd5c74e5d63\",\"name\":\"Redaksjonen\",\"image\":{\"@type\":\"ImageObject\",\"inLanguage\":\"nb-NO\",\"@id\":\"https:\\\/\\\/secure.gravatar.com\\\/avatar\\\/1ac6eb72a7beb235d85ed4b418d96f61e9431b643146ebcdef6add8c812377b7?s=96&d=mm&r=g\",\"url\":\"https:\\\/\\\/secure.gravatar.com\\\/avatar\\\/1ac6eb72a7beb235d85ed4b418d96f61e9431b643146ebcdef6add8c812377b7?s=96&d=mm&r=g\",\"contentUrl\":\"https:\\\/\\\/secure.gravatar.com\\\/avatar\\\/1ac6eb72a7beb235d85ed4b418d96f61e9431b643146ebcdef6add8c812377b7?s=96&d=mm&r=g\",\"caption\":\"Redaksjonen\"},\"sameAs\":[\"https:\\\/\\\/www.sikkerhetsavisen.no\"],\"url\":\"https:\\\/\\\/www.sikkerhetsavisen.no\\\/author\\\/knut\\\/\"}]}<\/script>\n<!-- \/ Yoast SEO plugin. -->","yoast_head_json":{"title":"N\u00e6ringslivet m\u00e5 tettere p\u00e5 totalforsvaret: - Det handler ikke om vi blir angrepet, men n\u00e5r - Sikkerhetsavisen","robots":{"index":"index","follow":"follow","max-snippet":"max-snippet:-1","max-image-preview":"max-image-preview:large","max-video-preview":"max-video-preview:-1"},"canonical":"https:\/\/www.sikkerhetsavisen.no\/naeringslivet-ma-tettere-pa-totalforsvaret-det-handler-ikke-om-vi-blir-angrepet-men-nar\/","og_locale":"nb_NO","og_type":"article","og_title":"N\u00e6ringslivet m\u00e5 tettere p\u00e5 totalforsvaret: - Det handler ikke om vi blir angrepet, men n\u00e5r - Sikkerhetsavisen","og_description":"Den siste uken har Telenor samlet akt\u00f8rer fra sivil, milit\u00e6r, offentlig og privat sektor til \u00e5rlig \u00f8velse i cyberforsvar og digital hendelsesh\u00e5ndtering. \u00d8velsens m\u00e5l er \u00e5 styrke og forbedre totalforsvaret av Norge. Samme uke som &hellip; N\u00e6ringslivet m\u00e5 tettere p\u00e5 totalforsvaret: &#8211; Det handler ikke om vi blir angrepet, men n\u00e5rRead more","og_url":"https:\/\/www.sikkerhetsavisen.no\/naeringslivet-ma-tettere-pa-totalforsvaret-det-handler-ikke-om-vi-blir-angrepet-men-nar\/","og_site_name":"Sikkerhetsavisen","article_publisher":"https:\/\/www.facebook.com\/profile.php?id=61577278190693","article_published_time":"2025-05-25T12:42:32+00:00","article_modified_time":"2025-05-25T12:53:36+00:00","og_image":[{"width":960,"height":600,"url":"https:\/\/www.sikkerhetsavisen.no\/wp-content\/uploads\/2025\/05\/db3e4ae0-40fb-418e-aec9-9640a98024ad-w_960.jpg","type":"image\/jpeg"}],"author":"Redaksjonen","twitter_card":"summary_large_image","twitter_misc":{"Skrevet av":"Redaksjonen","Ansl. lesetid":"2 minutter"},"schema":{"@context":"https:\/\/schema.org","@graph":[{"@type":"Article","@id":"https:\/\/www.sikkerhetsavisen.no\/naeringslivet-ma-tettere-pa-totalforsvaret-det-handler-ikke-om-vi-blir-angrepet-men-nar\/#article","isPartOf":{"@id":"https:\/\/www.sikkerhetsavisen.no\/naeringslivet-ma-tettere-pa-totalforsvaret-det-handler-ikke-om-vi-blir-angrepet-men-nar\/"},"author":{"name":"Redaksjonen","@id":"https:\/\/www.sikkerhetsavisen.no\/#\/schema\/person\/c427c5c9f1c38525e50fafd5c74e5d63"},"headline":"N\u00e6ringslivet m\u00e5 tettere p\u00e5 totalforsvaret: &#8211; Det handler ikke om vi blir angrepet, men n\u00e5r","datePublished":"2025-05-25T12:42:32+00:00","dateModified":"2025-05-25T12:53:36+00:00","mainEntityOfPage":{"@id":"https:\/\/www.sikkerhetsavisen.no\/naeringslivet-ma-tettere-pa-totalforsvaret-det-handler-ikke-om-vi-blir-angrepet-men-nar\/"},"wordCount":492,"publisher":{"@id":"https:\/\/www.sikkerhetsavisen.no\/#organization"},"image":{"@id":"https:\/\/www.sikkerhetsavisen.no\/naeringslivet-ma-tettere-pa-totalforsvaret-det-handler-ikke-om-vi-blir-angrepet-men-nar\/#primaryimage"},"thumbnailUrl":"https:\/\/www.sikkerhetsavisen.no\/wp-content\/uploads\/2025\/05\/db3e4ae0-40fb-418e-aec9-9640a98024ad-w_960.jpg","articleSection":["Nasjonal sikkerhet","NYHETER"],"inLanguage":"nb-NO"},{"@type":"WebPage","@id":"https:\/\/www.sikkerhetsavisen.no\/naeringslivet-ma-tettere-pa-totalforsvaret-det-handler-ikke-om-vi-blir-angrepet-men-nar\/","url":"https:\/\/www.sikkerhetsavisen.no\/naeringslivet-ma-tettere-pa-totalforsvaret-det-handler-ikke-om-vi-blir-angrepet-men-nar\/","name":"N\u00e6ringslivet m\u00e5 tettere p\u00e5 totalforsvaret: - Det handler ikke om vi blir angrepet, men n\u00e5r - Sikkerhetsavisen","isPartOf":{"@id":"https:\/\/www.sikkerhetsavisen.no\/#website"},"primaryImageOfPage":{"@id":"https:\/\/www.sikkerhetsavisen.no\/naeringslivet-ma-tettere-pa-totalforsvaret-det-handler-ikke-om-vi-blir-angrepet-men-nar\/#primaryimage"},"image":{"@id":"https:\/\/www.sikkerhetsavisen.no\/naeringslivet-ma-tettere-pa-totalforsvaret-det-handler-ikke-om-vi-blir-angrepet-men-nar\/#primaryimage"},"thumbnailUrl":"https:\/\/www.sikkerhetsavisen.no\/wp-content\/uploads\/2025\/05\/db3e4ae0-40fb-418e-aec9-9640a98024ad-w_960.jpg","datePublished":"2025-05-25T12:42:32+00:00","dateModified":"2025-05-25T12:53:36+00:00","breadcrumb":{"@id":"https:\/\/www.sikkerhetsavisen.no\/naeringslivet-ma-tettere-pa-totalforsvaret-det-handler-ikke-om-vi-blir-angrepet-men-nar\/#breadcrumb"},"inLanguage":"nb-NO","potentialAction":[{"@type":"ReadAction","target":["https:\/\/www.sikkerhetsavisen.no\/naeringslivet-ma-tettere-pa-totalforsvaret-det-handler-ikke-om-vi-blir-angrepet-men-nar\/"]}]},{"@type":"ImageObject","inLanguage":"nb-NO","@id":"https:\/\/www.sikkerhetsavisen.no\/naeringslivet-ma-tettere-pa-totalforsvaret-det-handler-ikke-om-vi-blir-angrepet-men-nar\/#primaryimage","url":"https:\/\/www.sikkerhetsavisen.no\/wp-content\/uploads\/2025\/05\/db3e4ae0-40fb-418e-aec9-9640a98024ad-w_960.jpg","contentUrl":"https:\/\/www.sikkerhetsavisen.no\/wp-content\/uploads\/2025\/05\/db3e4ae0-40fb-418e-aec9-9640a98024ad-w_960.jpg","width":960,"height":600,"caption":"Telenor arrangerte denne uken \u00d8velse Bukkesprang med om lag 160 deltakere fra 70 virksomheter. Martin Fjellanger"},{"@type":"BreadcrumbList","@id":"https:\/\/www.sikkerhetsavisen.no\/naeringslivet-ma-tettere-pa-totalforsvaret-det-handler-ikke-om-vi-blir-angrepet-men-nar\/#breadcrumb","itemListElement":[{"@type":"ListItem","position":1,"name":"Hjem","item":"https:\/\/www.sikkerhetsavisen.no\/"},{"@type":"ListItem","position":2,"name":"N\u00e6ringslivet m\u00e5 tettere p\u00e5 totalforsvaret: &#8211; Det handler ikke om vi blir angrepet, men n\u00e5r"}]},{"@type":"WebSite","@id":"https:\/\/www.sikkerhetsavisen.no\/#website","url":"https:\/\/www.sikkerhetsavisen.no\/","name":"Sikkerhetsavisen","description":"Vi forteller deg det du trenger \u00e5 vite om beredskap og sikkerhet","publisher":{"@id":"https:\/\/www.sikkerhetsavisen.no\/#organization"},"potentialAction":[{"@type":"SearchAction","target":{"@type":"EntryPoint","urlTemplate":"https:\/\/www.sikkerhetsavisen.no\/?s={search_term_string}"},"query-input":{"@type":"PropertyValueSpecification","valueRequired":true,"valueName":"search_term_string"}}],"inLanguage":"nb-NO"},{"@type":"Organization","@id":"https:\/\/www.sikkerhetsavisen.no\/#organization","name":"Sikkerhetsavisen","url":"https:\/\/www.sikkerhetsavisen.no\/","logo":{"@type":"ImageObject","inLanguage":"nb-NO","@id":"https:\/\/www.sikkerhetsavisen.no\/#\/schema\/logo\/image\/","url":"https:\/\/www.sikkerhetsavisen.no\/wp-content\/uploads\/2025\/05\/sa02.jpg","contentUrl":"https:\/\/www.sikkerhetsavisen.no\/wp-content\/uploads\/2025\/05\/sa02.jpg","width":1024,"height":334,"caption":"Sikkerhetsavisen"},"image":{"@id":"https:\/\/www.sikkerhetsavisen.no\/#\/schema\/logo\/image\/"},"sameAs":["https:\/\/www.facebook.com\/profile.php?id=61577278190693"]},{"@type":"Person","@id":"https:\/\/www.sikkerhetsavisen.no\/#\/schema\/person\/c427c5c9f1c38525e50fafd5c74e5d63","name":"Redaksjonen","image":{"@type":"ImageObject","inLanguage":"nb-NO","@id":"https:\/\/secure.gravatar.com\/avatar\/1ac6eb72a7beb235d85ed4b418d96f61e9431b643146ebcdef6add8c812377b7?s=96&d=mm&r=g","url":"https:\/\/secure.gravatar.com\/avatar\/1ac6eb72a7beb235d85ed4b418d96f61e9431b643146ebcdef6add8c812377b7?s=96&d=mm&r=g","contentUrl":"https:\/\/secure.gravatar.com\/avatar\/1ac6eb72a7beb235d85ed4b418d96f61e9431b643146ebcdef6add8c812377b7?s=96&d=mm&r=g","caption":"Redaksjonen"},"sameAs":["https:\/\/www.sikkerhetsavisen.no"],"url":"https:\/\/www.sikkerhetsavisen.no\/author\/knut\/"}]}},"_links":{"self":[{"href":"https:\/\/www.sikkerhetsavisen.no\/?rest_route=\/wp\/v2\/posts\/257","targetHints":{"allow":["GET"]}}],"collection":[{"href":"https:\/\/www.sikkerhetsavisen.no\/?rest_route=\/wp\/v2\/posts"}],"about":[{"href":"https:\/\/www.sikkerhetsavisen.no\/?rest_route=\/wp\/v2\/types\/post"}],"author":[{"embeddable":true,"href":"https:\/\/www.sikkerhetsavisen.no\/?rest_route=\/wp\/v2\/users\/1"}],"replies":[{"embeddable":true,"href":"https:\/\/www.sikkerhetsavisen.no\/?rest_route=%2Fwp%2Fv2%2Fcomments&post=257"}],"version-history":[{"count":2,"href":"https:\/\/www.sikkerhetsavisen.no\/?rest_route=\/wp\/v2\/posts\/257\/revisions"}],"predecessor-version":[{"id":260,"href":"https:\/\/www.sikkerhetsavisen.no\/?rest_route=\/wp\/v2\/posts\/257\/revisions\/260"}],"wp:featuredmedia":[{"embeddable":true,"href":"https:\/\/www.sikkerhetsavisen.no\/?rest_route=\/wp\/v2\/media\/258"}],"wp:attachment":[{"href":"https:\/\/www.sikkerhetsavisen.no\/?rest_route=%2Fwp%2Fv2%2Fmedia&parent=257"}],"wp:term":[{"taxonomy":"category","embeddable":true,"href":"https:\/\/www.sikkerhetsavisen.no\/?rest_route=%2Fwp%2Fv2%2Fcategories&post=257"},{"taxonomy":"post_tag","embeddable":true,"href":"https:\/\/www.sikkerhetsavisen.no\/?rest_route=%2Fwp%2Fv2%2Ftags&post=257"}],"curies":[{"name":"wp","href":"https:\/\/api.w.org\/{rel}","templated":true}]}}