{"id":161,"date":"2025-05-02T13:27:58","date_gmt":"2025-05-02T12:27:58","guid":{"rendered":"https:\/\/www.sikkerhetsavisen.no\/?p=161"},"modified":"2025-05-02T13:27:58","modified_gmt":"2025-05-02T12:27:58","slug":"na-starter-natos-viktigste-avskrekkingsovelse-pa-andoya","status":"publish","type":"post","link":"https:\/\/www.sikkerhetsavisen.no\/na-starter-natos-viktigste-avskrekkingsovelse-pa-andoya\/","title":{"rendered":"N\u00e5 starter NATOs viktigste avskrekkings\u00f8velse p\u00e5 And\u00f8ya"},"content":{"rendered":"\n<h2 class=\"wp-block-heading\"><strong>\u00d8velsen Formidable Shield starter p\u00e5 And\u00f8ya i neste uke.<\/strong><\/h2>\n\n\n\n<p class=\"wp-block-paragraph\">Formidable Shield er en av NATOs viktigste avskrekkings\u00f8velser dette \u00e5ret og Europas st\u00f8rste luftmissil-skarpskytings\u00f8velse til sj\u00f8s i \u00e5r.<\/p>\n\n\n\n<p class=\"wp-block-paragraph\">P\u00e5 And\u00f8ya samles fart\u00f8y, fly og personell p\u00e5 bakken fra de ti nasjonene Belgia, Canada, Danmark, Frankrike, Italia, Nederland, Norge, Spania, Storbritannia og USA for \u00e5 \u00f8ve p\u00e5 \u00e5 beskytte luftrommet over Norge. Til sammen deltar om lag 2500 soldater p\u00e5 \u00f8velsen, men de fleste av disse er ute p\u00e5 fart\u00f8yene.<\/p>\n\n\n\n<p class=\"wp-block-paragraph\">Formidable Shield i Norge er en av Forsvarets viktigste \u00f8velser i \u00e5r, og g\u00e5r fra mandag 5. mai til l\u00f8rdag 10. mai. \u00d8velsen vil inneholde skarpskyting mot ulike m\u00e5l b\u00e5de til lands mot sj\u00f8 og til sj\u00f8s fra de allierte fart\u00f8yene. Det vil ogs\u00e5 delta fly som F-35 og P-8.<\/p>\n\n\n\n<p class=\"wp-block-paragraph\">Det vil under \u00f8velsen skytes skarpt med blant annet luftvernv\u00e5pensystemene NASAMS og NOMAD, samt rakettartilleri som HIMARS.<\/p>\n\n\n\n<p class=\"wp-block-paragraph\">Etter \u00f8velsen i Norge fortsetter Formidable Shield med skarpskytings\u00f8velse p\u00e5 Hebridene utenfor Skottland.<\/p>\n","protected":false},"excerpt":{"rendered":"<p>\u00d8velsen Formidable Shield starter p\u00e5 And\u00f8ya i neste uke. Formidable Shield er en av NATOs viktigste avskrekkings\u00f8velser dette \u00e5ret og Europas st\u00f8rste luftmissil-skarpskytings\u00f8velse til sj\u00f8s i \u00e5r. P\u00e5 And\u00f8ya samles fart\u00f8y, fly og personell p\u00e5 &hellip; <a title=\"N\u00e5 starter NATOs viktigste avskrekkings\u00f8velse p\u00e5 And\u00f8ya\" class=\"exalt-read-more\" href=\"https:\/\/www.sikkerhetsavisen.no\/na-starter-natos-viktigste-avskrekkingsovelse-pa-andoya\/\"><span class=\"screen-reader-text\">N\u00e5 starter NATOs viktigste avskrekkings\u00f8velse p\u00e5 And\u00f8ya<\/span>Read more<\/a><\/p>\n","protected":false},"author":1,"featured_media":164,"comment_status":"closed","ping_status":"closed","sticky":false,"template":"","format":"standard","meta":{"footnotes":""},"categories":[3],"tags":[],"class_list":["post-161","post","type-post","status-publish","format-standard","has-post-thumbnail","hentry","category-nyheter","exalt-entry"],"yoast_head":"<!-- This site is optimized with the Yoast SEO plugin v28.3 - https:\/\/yoast.com\/product\/yoast-seo-wordpress\/ -->\n<title>N\u00e5 starter NATOs viktigste avskrekkings\u00f8velse p\u00e5 And\u00f8ya - Sikkerhetsavisen<\/title>\n<meta name=\"robots\" content=\"index, follow, max-snippet:-1, max-image-preview:large, max-video-preview:-1\" \/>\n<link rel=\"canonical\" href=\"https:\/\/www.sikkerhetsavisen.no\/na-starter-natos-viktigste-avskrekkingsovelse-pa-andoya\/\" \/>\n<meta property=\"og:locale\" content=\"nb_NO\" \/>\n<meta property=\"og:type\" content=\"article\" \/>\n<meta property=\"og:title\" content=\"N\u00e5 starter NATOs viktigste avskrekkings\u00f8velse p\u00e5 And\u00f8ya - Sikkerhetsavisen\" \/>\n<meta property=\"og:description\" content=\"\u00d8velsen Formidable Shield starter p\u00e5 And\u00f8ya i neste uke. Formidable Shield er en av NATOs viktigste avskrekkings\u00f8velser dette \u00e5ret og Europas st\u00f8rste luftmissil-skarpskytings\u00f8velse til sj\u00f8s i \u00e5r. P\u00e5 And\u00f8ya samles fart\u00f8y, fly og personell p\u00e5 &hellip; N\u00e5 starter NATOs viktigste avskrekkings\u00f8velse p\u00e5 And\u00f8yaRead more\" \/>\n<meta property=\"og:url\" content=\"https:\/\/www.sikkerhetsavisen.no\/na-starter-natos-viktigste-avskrekkingsovelse-pa-andoya\/\" \/>\n<meta property=\"og:site_name\" content=\"Sikkerhetsavisen\" \/>\n<meta property=\"article:publisher\" content=\"https:\/\/www.facebook.com\/profile.php?id=61577278190693\" \/>\n<meta property=\"article:published_time\" content=\"2025-05-02T12:27:58+00:00\" \/>\n<meta property=\"og:image\" content=\"https:\/\/www.sikkerhetsavisen.no\/wp-content\/uploads\/2025\/05\/missiler-forsvaret-andoya.jpg\" \/>\n\t<meta property=\"og:image:width\" content=\"960\" \/>\n\t<meta property=\"og:image:height\" content=\"640\" \/>\n\t<meta property=\"og:image:type\" content=\"image\/jpeg\" \/>\n<meta name=\"author\" content=\"Redaksjonen\" \/>\n<meta name=\"twitter:card\" content=\"summary_large_image\" \/>\n<meta name=\"twitter:label1\" content=\"Skrevet av\" \/>\n\t<meta name=\"twitter:data1\" content=\"Redaksjonen\" \/>\n\t<meta name=\"twitter:label2\" content=\"Ansl. lesetid\" \/>\n\t<meta name=\"twitter:data2\" content=\"1 minutt\" \/>\n<script type=\"application\/ld+json\" class=\"yoast-schema-graph\">{\"@context\":\"https:\\\/\\\/schema.org\",\"@graph\":[{\"@type\":\"Article\",\"@id\":\"https:\\\/\\\/www.sikkerhetsavisen.no\\\/na-starter-natos-viktigste-avskrekkingsovelse-pa-andoya\\\/#article\",\"isPartOf\":{\"@id\":\"https:\\\/\\\/www.sikkerhetsavisen.no\\\/na-starter-natos-viktigste-avskrekkingsovelse-pa-andoya\\\/\"},\"author\":{\"name\":\"Redaksjonen\",\"@id\":\"https:\\\/\\\/www.sikkerhetsavisen.no\\\/#\\\/schema\\\/person\\\/c427c5c9f1c38525e50fafd5c74e5d63\"},\"headline\":\"N\u00e5 starter NATOs viktigste avskrekkings\u00f8velse p\u00e5 And\u00f8ya\",\"datePublished\":\"2025-05-02T12:27:58+00:00\",\"mainEntityOfPage\":{\"@id\":\"https:\\\/\\\/www.sikkerhetsavisen.no\\\/na-starter-natos-viktigste-avskrekkingsovelse-pa-andoya\\\/\"},\"wordCount\":178,\"publisher\":{\"@id\":\"https:\\\/\\\/www.sikkerhetsavisen.no\\\/#organization\"},\"image\":{\"@id\":\"https:\\\/\\\/www.sikkerhetsavisen.no\\\/na-starter-natos-viktigste-avskrekkingsovelse-pa-andoya\\\/#primaryimage\"},\"thumbnailUrl\":\"https:\\\/\\\/www.sikkerhetsavisen.no\\\/wp-content\\\/uploads\\\/2025\\\/05\\\/missiler-forsvaret-andoya.jpg\",\"articleSection\":[\"NYHETER\"],\"inLanguage\":\"nb-NO\"},{\"@type\":\"WebPage\",\"@id\":\"https:\\\/\\\/www.sikkerhetsavisen.no\\\/na-starter-natos-viktigste-avskrekkingsovelse-pa-andoya\\\/\",\"url\":\"https:\\\/\\\/www.sikkerhetsavisen.no\\\/na-starter-natos-viktigste-avskrekkingsovelse-pa-andoya\\\/\",\"name\":\"N\u00e5 starter NATOs viktigste avskrekkings\u00f8velse p\u00e5 And\u00f8ya - Sikkerhetsavisen\",\"isPartOf\":{\"@id\":\"https:\\\/\\\/www.sikkerhetsavisen.no\\\/#website\"},\"primaryImageOfPage\":{\"@id\":\"https:\\\/\\\/www.sikkerhetsavisen.no\\\/na-starter-natos-viktigste-avskrekkingsovelse-pa-andoya\\\/#primaryimage\"},\"image\":{\"@id\":\"https:\\\/\\\/www.sikkerhetsavisen.no\\\/na-starter-natos-viktigste-avskrekkingsovelse-pa-andoya\\\/#primaryimage\"},\"thumbnailUrl\":\"https:\\\/\\\/www.sikkerhetsavisen.no\\\/wp-content\\\/uploads\\\/2025\\\/05\\\/missiler-forsvaret-andoya.jpg\",\"datePublished\":\"2025-05-02T12:27:58+00:00\",\"breadcrumb\":{\"@id\":\"https:\\\/\\\/www.sikkerhetsavisen.no\\\/na-starter-natos-viktigste-avskrekkingsovelse-pa-andoya\\\/#breadcrumb\"},\"inLanguage\":\"nb-NO\",\"potentialAction\":[{\"@type\":\"ReadAction\",\"target\":[\"https:\\\/\\\/www.sikkerhetsavisen.no\\\/na-starter-natos-viktigste-avskrekkingsovelse-pa-andoya\\\/\"]}]},{\"@type\":\"ImageObject\",\"inLanguage\":\"nb-NO\",\"@id\":\"https:\\\/\\\/www.sikkerhetsavisen.no\\\/na-starter-natos-viktigste-avskrekkingsovelse-pa-andoya\\\/#primaryimage\",\"url\":\"https:\\\/\\\/www.sikkerhetsavisen.no\\\/wp-content\\\/uploads\\\/2025\\\/05\\\/missiler-forsvaret-andoya.jpg\",\"contentUrl\":\"https:\\\/\\\/www.sikkerhetsavisen.no\\\/wp-content\\\/uploads\\\/2025\\\/05\\\/missiler-forsvaret-andoya.jpg\",\"width\":960,\"height\":640,\"caption\":\"U.S. Marines avfyrer HIMARS fra And\u00f8ya under Formidable Shield i 2023. Foto: Odin Kjendalen, Forsvaret\"},{\"@type\":\"BreadcrumbList\",\"@id\":\"https:\\\/\\\/www.sikkerhetsavisen.no\\\/na-starter-natos-viktigste-avskrekkingsovelse-pa-andoya\\\/#breadcrumb\",\"itemListElement\":[{\"@type\":\"ListItem\",\"position\":1,\"name\":\"Hjem\",\"item\":\"https:\\\/\\\/www.sikkerhetsavisen.no\\\/\"},{\"@type\":\"ListItem\",\"position\":2,\"name\":\"N\u00e5 starter NATOs viktigste avskrekkings\u00f8velse p\u00e5 And\u00f8ya\"}]},{\"@type\":\"WebSite\",\"@id\":\"https:\\\/\\\/www.sikkerhetsavisen.no\\\/#website\",\"url\":\"https:\\\/\\\/www.sikkerhetsavisen.no\\\/\",\"name\":\"Sikkerhetsavisen\",\"description\":\"Vi forteller deg det du trenger \u00e5 vite om beredskap og sikkerhet\",\"publisher\":{\"@id\":\"https:\\\/\\\/www.sikkerhetsavisen.no\\\/#organization\"},\"potentialAction\":[{\"@type\":\"SearchAction\",\"target\":{\"@type\":\"EntryPoint\",\"urlTemplate\":\"https:\\\/\\\/www.sikkerhetsavisen.no\\\/?s={search_term_string}\"},\"query-input\":{\"@type\":\"PropertyValueSpecification\",\"valueRequired\":true,\"valueName\":\"search_term_string\"}}],\"inLanguage\":\"nb-NO\"},{\"@type\":\"Organization\",\"@id\":\"https:\\\/\\\/www.sikkerhetsavisen.no\\\/#organization\",\"name\":\"Sikkerhetsavisen\",\"url\":\"https:\\\/\\\/www.sikkerhetsavisen.no\\\/\",\"logo\":{\"@type\":\"ImageObject\",\"inLanguage\":\"nb-NO\",\"@id\":\"https:\\\/\\\/www.sikkerhetsavisen.no\\\/#\\\/schema\\\/logo\\\/image\\\/\",\"url\":\"https:\\\/\\\/www.sikkerhetsavisen.no\\\/wp-content\\\/uploads\\\/2025\\\/05\\\/sa02.jpg\",\"contentUrl\":\"https:\\\/\\\/www.sikkerhetsavisen.no\\\/wp-content\\\/uploads\\\/2025\\\/05\\\/sa02.jpg\",\"width\":1024,\"height\":334,\"caption\":\"Sikkerhetsavisen\"},\"image\":{\"@id\":\"https:\\\/\\\/www.sikkerhetsavisen.no\\\/#\\\/schema\\\/logo\\\/image\\\/\"},\"sameAs\":[\"https:\\\/\\\/www.facebook.com\\\/profile.php?id=61577278190693\"]},{\"@type\":\"Person\",\"@id\":\"https:\\\/\\\/www.sikkerhetsavisen.no\\\/#\\\/schema\\\/person\\\/c427c5c9f1c38525e50fafd5c74e5d63\",\"name\":\"Redaksjonen\",\"image\":{\"@type\":\"ImageObject\",\"inLanguage\":\"nb-NO\",\"@id\":\"https:\\\/\\\/secure.gravatar.com\\\/avatar\\\/1ac6eb72a7beb235d85ed4b418d96f61e9431b643146ebcdef6add8c812377b7?s=96&d=mm&r=g\",\"url\":\"https:\\\/\\\/secure.gravatar.com\\\/avatar\\\/1ac6eb72a7beb235d85ed4b418d96f61e9431b643146ebcdef6add8c812377b7?s=96&d=mm&r=g\",\"contentUrl\":\"https:\\\/\\\/secure.gravatar.com\\\/avatar\\\/1ac6eb72a7beb235d85ed4b418d96f61e9431b643146ebcdef6add8c812377b7?s=96&d=mm&r=g\",\"caption\":\"Redaksjonen\"},\"sameAs\":[\"https:\\\/\\\/www.sikkerhetsavisen.no\"],\"url\":\"https:\\\/\\\/www.sikkerhetsavisen.no\\\/author\\\/knut\\\/\"}]}<\/script>\n<!-- \/ Yoast SEO plugin. -->","yoast_head_json":{"title":"N\u00e5 starter NATOs viktigste avskrekkings\u00f8velse p\u00e5 And\u00f8ya - Sikkerhetsavisen","robots":{"index":"index","follow":"follow","max-snippet":"max-snippet:-1","max-image-preview":"max-image-preview:large","max-video-preview":"max-video-preview:-1"},"canonical":"https:\/\/www.sikkerhetsavisen.no\/na-starter-natos-viktigste-avskrekkingsovelse-pa-andoya\/","og_locale":"nb_NO","og_type":"article","og_title":"N\u00e5 starter NATOs viktigste avskrekkings\u00f8velse p\u00e5 And\u00f8ya - Sikkerhetsavisen","og_description":"\u00d8velsen Formidable Shield starter p\u00e5 And\u00f8ya i neste uke. Formidable Shield er en av NATOs viktigste avskrekkings\u00f8velser dette \u00e5ret og Europas st\u00f8rste luftmissil-skarpskytings\u00f8velse til sj\u00f8s i \u00e5r. P\u00e5 And\u00f8ya samles fart\u00f8y, fly og personell p\u00e5 &hellip; N\u00e5 starter NATOs viktigste avskrekkings\u00f8velse p\u00e5 And\u00f8yaRead more","og_url":"https:\/\/www.sikkerhetsavisen.no\/na-starter-natos-viktigste-avskrekkingsovelse-pa-andoya\/","og_site_name":"Sikkerhetsavisen","article_publisher":"https:\/\/www.facebook.com\/profile.php?id=61577278190693","article_published_time":"2025-05-02T12:27:58+00:00","og_image":[{"width":960,"height":640,"url":"https:\/\/www.sikkerhetsavisen.no\/wp-content\/uploads\/2025\/05\/missiler-forsvaret-andoya.jpg","type":"image\/jpeg"}],"author":"Redaksjonen","twitter_card":"summary_large_image","twitter_misc":{"Skrevet av":"Redaksjonen","Ansl. lesetid":"1 minutt"},"schema":{"@context":"https:\/\/schema.org","@graph":[{"@type":"Article","@id":"https:\/\/www.sikkerhetsavisen.no\/na-starter-natos-viktigste-avskrekkingsovelse-pa-andoya\/#article","isPartOf":{"@id":"https:\/\/www.sikkerhetsavisen.no\/na-starter-natos-viktigste-avskrekkingsovelse-pa-andoya\/"},"author":{"name":"Redaksjonen","@id":"https:\/\/www.sikkerhetsavisen.no\/#\/schema\/person\/c427c5c9f1c38525e50fafd5c74e5d63"},"headline":"N\u00e5 starter NATOs viktigste avskrekkings\u00f8velse p\u00e5 And\u00f8ya","datePublished":"2025-05-02T12:27:58+00:00","mainEntityOfPage":{"@id":"https:\/\/www.sikkerhetsavisen.no\/na-starter-natos-viktigste-avskrekkingsovelse-pa-andoya\/"},"wordCount":178,"publisher":{"@id":"https:\/\/www.sikkerhetsavisen.no\/#organization"},"image":{"@id":"https:\/\/www.sikkerhetsavisen.no\/na-starter-natos-viktigste-avskrekkingsovelse-pa-andoya\/#primaryimage"},"thumbnailUrl":"https:\/\/www.sikkerhetsavisen.no\/wp-content\/uploads\/2025\/05\/missiler-forsvaret-andoya.jpg","articleSection":["NYHETER"],"inLanguage":"nb-NO"},{"@type":"WebPage","@id":"https:\/\/www.sikkerhetsavisen.no\/na-starter-natos-viktigste-avskrekkingsovelse-pa-andoya\/","url":"https:\/\/www.sikkerhetsavisen.no\/na-starter-natos-viktigste-avskrekkingsovelse-pa-andoya\/","name":"N\u00e5 starter NATOs viktigste avskrekkings\u00f8velse p\u00e5 And\u00f8ya - Sikkerhetsavisen","isPartOf":{"@id":"https:\/\/www.sikkerhetsavisen.no\/#website"},"primaryImageOfPage":{"@id":"https:\/\/www.sikkerhetsavisen.no\/na-starter-natos-viktigste-avskrekkingsovelse-pa-andoya\/#primaryimage"},"image":{"@id":"https:\/\/www.sikkerhetsavisen.no\/na-starter-natos-viktigste-avskrekkingsovelse-pa-andoya\/#primaryimage"},"thumbnailUrl":"https:\/\/www.sikkerhetsavisen.no\/wp-content\/uploads\/2025\/05\/missiler-forsvaret-andoya.jpg","datePublished":"2025-05-02T12:27:58+00:00","breadcrumb":{"@id":"https:\/\/www.sikkerhetsavisen.no\/na-starter-natos-viktigste-avskrekkingsovelse-pa-andoya\/#breadcrumb"},"inLanguage":"nb-NO","potentialAction":[{"@type":"ReadAction","target":["https:\/\/www.sikkerhetsavisen.no\/na-starter-natos-viktigste-avskrekkingsovelse-pa-andoya\/"]}]},{"@type":"ImageObject","inLanguage":"nb-NO","@id":"https:\/\/www.sikkerhetsavisen.no\/na-starter-natos-viktigste-avskrekkingsovelse-pa-andoya\/#primaryimage","url":"https:\/\/www.sikkerhetsavisen.no\/wp-content\/uploads\/2025\/05\/missiler-forsvaret-andoya.jpg","contentUrl":"https:\/\/www.sikkerhetsavisen.no\/wp-content\/uploads\/2025\/05\/missiler-forsvaret-andoya.jpg","width":960,"height":640,"caption":"U.S. Marines avfyrer HIMARS fra And\u00f8ya under Formidable Shield i 2023. Foto: Odin Kjendalen, Forsvaret"},{"@type":"BreadcrumbList","@id":"https:\/\/www.sikkerhetsavisen.no\/na-starter-natos-viktigste-avskrekkingsovelse-pa-andoya\/#breadcrumb","itemListElement":[{"@type":"ListItem","position":1,"name":"Hjem","item":"https:\/\/www.sikkerhetsavisen.no\/"},{"@type":"ListItem","position":2,"name":"N\u00e5 starter NATOs viktigste avskrekkings\u00f8velse p\u00e5 And\u00f8ya"}]},{"@type":"WebSite","@id":"https:\/\/www.sikkerhetsavisen.no\/#website","url":"https:\/\/www.sikkerhetsavisen.no\/","name":"Sikkerhetsavisen","description":"Vi forteller deg det du trenger \u00e5 vite om beredskap og sikkerhet","publisher":{"@id":"https:\/\/www.sikkerhetsavisen.no\/#organization"},"potentialAction":[{"@type":"SearchAction","target":{"@type":"EntryPoint","urlTemplate":"https:\/\/www.sikkerhetsavisen.no\/?s={search_term_string}"},"query-input":{"@type":"PropertyValueSpecification","valueRequired":true,"valueName":"search_term_string"}}],"inLanguage":"nb-NO"},{"@type":"Organization","@id":"https:\/\/www.sikkerhetsavisen.no\/#organization","name":"Sikkerhetsavisen","url":"https:\/\/www.sikkerhetsavisen.no\/","logo":{"@type":"ImageObject","inLanguage":"nb-NO","@id":"https:\/\/www.sikkerhetsavisen.no\/#\/schema\/logo\/image\/","url":"https:\/\/www.sikkerhetsavisen.no\/wp-content\/uploads\/2025\/05\/sa02.jpg","contentUrl":"https:\/\/www.sikkerhetsavisen.no\/wp-content\/uploads\/2025\/05\/sa02.jpg","width":1024,"height":334,"caption":"Sikkerhetsavisen"},"image":{"@id":"https:\/\/www.sikkerhetsavisen.no\/#\/schema\/logo\/image\/"},"sameAs":["https:\/\/www.facebook.com\/profile.php?id=61577278190693"]},{"@type":"Person","@id":"https:\/\/www.sikkerhetsavisen.no\/#\/schema\/person\/c427c5c9f1c38525e50fafd5c74e5d63","name":"Redaksjonen","image":{"@type":"ImageObject","inLanguage":"nb-NO","@id":"https:\/\/secure.gravatar.com\/avatar\/1ac6eb72a7beb235d85ed4b418d96f61e9431b643146ebcdef6add8c812377b7?s=96&d=mm&r=g","url":"https:\/\/secure.gravatar.com\/avatar\/1ac6eb72a7beb235d85ed4b418d96f61e9431b643146ebcdef6add8c812377b7?s=96&d=mm&r=g","contentUrl":"https:\/\/secure.gravatar.com\/avatar\/1ac6eb72a7beb235d85ed4b418d96f61e9431b643146ebcdef6add8c812377b7?s=96&d=mm&r=g","caption":"Redaksjonen"},"sameAs":["https:\/\/www.sikkerhetsavisen.no"],"url":"https:\/\/www.sikkerhetsavisen.no\/author\/knut\/"}]}},"_links":{"self":[{"href":"https:\/\/www.sikkerhetsavisen.no\/?rest_route=\/wp\/v2\/posts\/161","targetHints":{"allow":["GET"]}}],"collection":[{"href":"https:\/\/www.sikkerhetsavisen.no\/?rest_route=\/wp\/v2\/posts"}],"about":[{"href":"https:\/\/www.sikkerhetsavisen.no\/?rest_route=\/wp\/v2\/types\/post"}],"author":[{"embeddable":true,"href":"https:\/\/www.sikkerhetsavisen.no\/?rest_route=\/wp\/v2\/users\/1"}],"replies":[{"embeddable":true,"href":"https:\/\/www.sikkerhetsavisen.no\/?rest_route=%2Fwp%2Fv2%2Fcomments&post=161"}],"version-history":[{"count":1,"href":"https:\/\/www.sikkerhetsavisen.no\/?rest_route=\/wp\/v2\/posts\/161\/revisions"}],"predecessor-version":[{"id":165,"href":"https:\/\/www.sikkerhetsavisen.no\/?rest_route=\/wp\/v2\/posts\/161\/revisions\/165"}],"wp:featuredmedia":[{"embeddable":true,"href":"https:\/\/www.sikkerhetsavisen.no\/?rest_route=\/wp\/v2\/media\/164"}],"wp:attachment":[{"href":"https:\/\/www.sikkerhetsavisen.no\/?rest_route=%2Fwp%2Fv2%2Fmedia&parent=161"}],"wp:term":[{"taxonomy":"category","embeddable":true,"href":"https:\/\/www.sikkerhetsavisen.no\/?rest_route=%2Fwp%2Fv2%2Fcategories&post=161"},{"taxonomy":"post_tag","embeddable":true,"href":"https:\/\/www.sikkerhetsavisen.no\/?rest_route=%2Fwp%2Fv2%2Ftags&post=161"}],"curies":[{"name":"wp","href":"https:\/\/api.w.org\/{rel}","templated":true}]}}