{"id":151,"date":"2025-05-02T12:25:53","date_gmt":"2025-05-02T11:25:53","guid":{"rendered":"https:\/\/www.sikkerhetsavisen.no\/?p=151"},"modified":"2025-05-02T12:25:53","modified_gmt":"2025-05-02T11:25:53","slug":"nve-vurderer-nye-tiltak-for-a-styrke-sikkerheten-i-kraftsystemet","status":"publish","type":"post","link":"https:\/\/www.sikkerhetsavisen.no\/nve-vurderer-nye-tiltak-for-a-styrke-sikkerheten-i-kraftsystemet\/","title":{"rendered":"NVE vurderer nye tiltak for \u00e5 styrke sikkerheten i kraftsystemet"},"content":{"rendered":"\n<h2 class=\"wp-block-heading\"><strong>NVE vil kartlegge den samlede reparasjonsberedskapen, vurdere endringer i organiseringen, og vurdere nye krav til fysisk sikring av kraftanlegg.<\/strong><\/h2>\n\n\n\n<p class=\"wp-block-paragraph\">\u2013Norge er kanskje verdens mest elektrifiserte land. Slutter kraftsystemet \u00e5 virke, slutter Norge \u00e5 virke i l\u00f8pet av kort tid, sa vassdrags- og energidirekt\u00f8r Kjetil Lund, under Fornybar Norges \u00e5rskonferanse.<\/p>\n\n\n\n<p class=\"wp-block-paragraph\">B\u00e5de den teknologiske utviklingen og trusselbildet er i endring. Sikkerhetsmyndighetenes vurderinger n\u00e5 er at energiinfrastruktur i Norge er potensielle m\u00e5l for sabotasjeaksjoner.<\/p>\n\n\n\n<p class=\"wp-block-paragraph\">\u2013Vi vil foreta en ny vurdering av om den fysiske sikkerheten i kraftsystemet er god nok. Vi vil ogs\u00e5 vurdere om bransjen har god nok reparasjonsberedskap, og om fullmaktene til n\u00f8kkelpersoner er klare og tydelige nok til \u00e5 kunne h\u00e5ndtere en krisesituasjon, sier Lund.<\/p>\n\n\n\n<h2 class=\"wp-block-heading\">Skal kartlegge den samlede reparasjonsberedskapen i kraftforsyningen<\/h2>\n\n\n\n<p class=\"wp-block-paragraph\">Kraftberedskapsforskriften stiller i dag krav om at hvert enkelt selskap m\u00e5 gj\u00f8re en risikovurdering og sikre sin egen reparasjonsberedskap. NVE vil n\u00e5 kartlegge om den samlede reparasjonsberedskapen p\u00e5 regionalt og nasjonalt niv\u00e5 likevel er god nok, eller om det b\u00f8r stilles strengere krav.<\/p>\n\n\n\n<p class=\"wp-block-paragraph\">\u2013Det gj\u00f8res mye godt arbeid i de enkelte selskapene. Men vi b\u00f8r f\u00e5 bedre oversikt over om den samlede reparasjonsberedskapen likevel er god nok, sier Lund.<\/p>\n\n\n\n<h2 class=\"wp-block-heading\">Endret mandat til distriktssjefene i Kraftforsyningens beredskapsorganisasjon<\/h2>\n\n\n\n<p class=\"wp-block-paragraph\">Siden rett etter andre verdens krig har kraftberedskapen i Norge blitt organisert gjennom Kraftforsyningens beredskapsorganisasjon (KBO). KBO er inndelt i distrikter, med en distriktssjef som leder for hvert distrikt.&nbsp; NVE skal n\u00e5 vurdere om rollen som distriktssjef har et tydelig nok mandat og har de fullmaktene som trengs for \u00e5 h\u00e5ndtere krevende situasjoner og kriser p\u00e5 en god m\u00e5te.<\/p>\n\n\n\n<p class=\"wp-block-paragraph\">\u2013Rollen som distriktssjef i kraftforsyningen blir sv\u00e6rt viktig i en krisesituasjon. Vi vil se p\u00e5 om distriktssjefene har det mandatet og de fullmaktene som trengs for \u00e5 h\u00e5ndtere en krisesituasjon p\u00e5 en god m\u00e5te, sier Lund.<\/p>\n\n\n\n<h2 class=\"wp-block-heading\">Tiltak for bedre fysisk sikring av kraftanlegg<\/h2>\n\n\n\n<p class=\"wp-block-paragraph\">Det har lenge v\u00e6rt stilt krav om god fysisk sikring av kraftanlegg. Det er likevel ikke opplagt at de kravene til fysisk sikring som har blitt stilt opp gjennom \u00e5rene, godt reflekterer dagens trusselbilde. Samtidig er det viktig at tiltakene er m\u00e5lrettede og effektive, for sikringsarbeid er veldig dyrt. Dette vil n\u00e5 sette i gang et prosjekt for \u00e5 vurdere.<\/p>\n\n\n\n<p class=\"wp-block-paragraph\">\u2013Det er ikke nytt \u00e5 tenke fysisk sikkerhet i kraftbransjen. Flere sentrale anlegg er lagt i fjell og bygd under den kalde krigen da beredskapstenkningen stod sterkt. Det er likevel verdt \u00e5 vurdere om kravene til sikkerhet godt nok reflekterer dagens trusselbilde, sier Lund.<\/p>\n","protected":false},"excerpt":{"rendered":"<p>NVE vil kartlegge den samlede reparasjonsberedskapen, vurdere endringer i organiseringen, og vurdere nye krav til fysisk sikring av kraftanlegg. \u2013Norge er kanskje verdens mest elektrifiserte land. Slutter kraftsystemet \u00e5 virke, slutter Norge \u00e5 virke i &hellip; <a title=\"NVE vurderer nye tiltak for \u00e5 styrke sikkerheten i kraftsystemet\" class=\"exalt-read-more\" href=\"https:\/\/www.sikkerhetsavisen.no\/nve-vurderer-nye-tiltak-for-a-styrke-sikkerheten-i-kraftsystemet\/\"><span class=\"screen-reader-text\">NVE vurderer nye tiltak for \u00e5 styrke sikkerheten i kraftsystemet<\/span>Read more<\/a><\/p>\n","protected":false},"author":1,"featured_media":154,"comment_status":"closed","ping_status":"closed","sticky":false,"template":"","format":"standard","meta":{"footnotes":""},"categories":[3],"tags":[],"class_list":["post-151","post","type-post","status-publish","format-standard","has-post-thumbnail","hentry","category-nyheter","exalt-entry"],"yoast_head":"<!-- This site is optimized with the Yoast SEO plugin v28.3 - https:\/\/yoast.com\/product\/yoast-seo-wordpress\/ -->\n<title>NVE vurderer nye tiltak for \u00e5 styrke sikkerheten i kraftsystemet - Sikkerhetsavisen<\/title>\n<meta name=\"robots\" content=\"index, follow, max-snippet:-1, max-image-preview:large, max-video-preview:-1\" \/>\n<link rel=\"canonical\" href=\"https:\/\/www.sikkerhetsavisen.no\/nve-vurderer-nye-tiltak-for-a-styrke-sikkerheten-i-kraftsystemet\/\" \/>\n<meta property=\"og:locale\" content=\"nb_NO\" \/>\n<meta property=\"og:type\" content=\"article\" \/>\n<meta property=\"og:title\" content=\"NVE vurderer nye tiltak for \u00e5 styrke sikkerheten i kraftsystemet - Sikkerhetsavisen\" \/>\n<meta property=\"og:description\" content=\"NVE vil kartlegge den samlede reparasjonsberedskapen, vurdere endringer i organiseringen, og vurdere nye krav til fysisk sikring av kraftanlegg. \u2013Norge er kanskje verdens mest elektrifiserte land. Slutter kraftsystemet \u00e5 virke, slutter Norge \u00e5 virke i &hellip; NVE vurderer nye tiltak for \u00e5 styrke sikkerheten i kraftsystemetRead more\" \/>\n<meta property=\"og:url\" content=\"https:\/\/www.sikkerhetsavisen.no\/nve-vurderer-nye-tiltak-for-a-styrke-sikkerheten-i-kraftsystemet\/\" \/>\n<meta property=\"og:site_name\" content=\"Sikkerhetsavisen\" \/>\n<meta property=\"article:publisher\" content=\"https:\/\/www.facebook.com\/profile.php?id=61577278190693\" \/>\n<meta property=\"article:published_time\" content=\"2025-05-02T11:25:53+00:00\" \/>\n<meta property=\"og:image\" content=\"https:\/\/www.sikkerhetsavisen.no\/wp-content\/uploads\/2025\/05\/Foto-Herman-Dreyer-nve.jpg\" \/>\n\t<meta property=\"og:image:width\" content=\"960\" \/>\n\t<meta property=\"og:image:height\" content=\"720\" \/>\n\t<meta property=\"og:image:type\" content=\"image\/jpeg\" \/>\n<meta name=\"author\" content=\"Redaksjonen\" \/>\n<meta name=\"twitter:card\" content=\"summary_large_image\" \/>\n<meta name=\"twitter:label1\" content=\"Skrevet av\" \/>\n\t<meta name=\"twitter:data1\" content=\"Redaksjonen\" \/>\n\t<meta name=\"twitter:label2\" content=\"Ansl. lesetid\" \/>\n\t<meta name=\"twitter:data2\" content=\"2 minutter\" \/>\n<script type=\"application\/ld+json\" class=\"yoast-schema-graph\">{\"@context\":\"https:\\\/\\\/schema.org\",\"@graph\":[{\"@type\":\"Article\",\"@id\":\"https:\\\/\\\/www.sikkerhetsavisen.no\\\/nve-vurderer-nye-tiltak-for-a-styrke-sikkerheten-i-kraftsystemet\\\/#article\",\"isPartOf\":{\"@id\":\"https:\\\/\\\/www.sikkerhetsavisen.no\\\/nve-vurderer-nye-tiltak-for-a-styrke-sikkerheten-i-kraftsystemet\\\/\"},\"author\":{\"name\":\"Redaksjonen\",\"@id\":\"https:\\\/\\\/www.sikkerhetsavisen.no\\\/#\\\/schema\\\/person\\\/c427c5c9f1c38525e50fafd5c74e5d63\"},\"headline\":\"NVE vurderer nye tiltak for \u00e5 styrke sikkerheten i kraftsystemet\",\"datePublished\":\"2025-05-02T11:25:53+00:00\",\"mainEntityOfPage\":{\"@id\":\"https:\\\/\\\/www.sikkerhetsavisen.no\\\/nve-vurderer-nye-tiltak-for-a-styrke-sikkerheten-i-kraftsystemet\\\/\"},\"wordCount\":423,\"publisher\":{\"@id\":\"https:\\\/\\\/www.sikkerhetsavisen.no\\\/#organization\"},\"image\":{\"@id\":\"https:\\\/\\\/www.sikkerhetsavisen.no\\\/nve-vurderer-nye-tiltak-for-a-styrke-sikkerheten-i-kraftsystemet\\\/#primaryimage\"},\"thumbnailUrl\":\"https:\\\/\\\/www.sikkerhetsavisen.no\\\/wp-content\\\/uploads\\\/2025\\\/05\\\/Foto-Herman-Dreyer-nve.jpg\",\"articleSection\":[\"NYHETER\"],\"inLanguage\":\"nb-NO\"},{\"@type\":\"WebPage\",\"@id\":\"https:\\\/\\\/www.sikkerhetsavisen.no\\\/nve-vurderer-nye-tiltak-for-a-styrke-sikkerheten-i-kraftsystemet\\\/\",\"url\":\"https:\\\/\\\/www.sikkerhetsavisen.no\\\/nve-vurderer-nye-tiltak-for-a-styrke-sikkerheten-i-kraftsystemet\\\/\",\"name\":\"NVE vurderer nye tiltak for \u00e5 styrke sikkerheten i kraftsystemet - Sikkerhetsavisen\",\"isPartOf\":{\"@id\":\"https:\\\/\\\/www.sikkerhetsavisen.no\\\/#website\"},\"primaryImageOfPage\":{\"@id\":\"https:\\\/\\\/www.sikkerhetsavisen.no\\\/nve-vurderer-nye-tiltak-for-a-styrke-sikkerheten-i-kraftsystemet\\\/#primaryimage\"},\"image\":{\"@id\":\"https:\\\/\\\/www.sikkerhetsavisen.no\\\/nve-vurderer-nye-tiltak-for-a-styrke-sikkerheten-i-kraftsystemet\\\/#primaryimage\"},\"thumbnailUrl\":\"https:\\\/\\\/www.sikkerhetsavisen.no\\\/wp-content\\\/uploads\\\/2025\\\/05\\\/Foto-Herman-Dreyer-nve.jpg\",\"datePublished\":\"2025-05-02T11:25:53+00:00\",\"breadcrumb\":{\"@id\":\"https:\\\/\\\/www.sikkerhetsavisen.no\\\/nve-vurderer-nye-tiltak-for-a-styrke-sikkerheten-i-kraftsystemet\\\/#breadcrumb\"},\"inLanguage\":\"nb-NO\",\"potentialAction\":[{\"@type\":\"ReadAction\",\"target\":[\"https:\\\/\\\/www.sikkerhetsavisen.no\\\/nve-vurderer-nye-tiltak-for-a-styrke-sikkerheten-i-kraftsystemet\\\/\"]}]},{\"@type\":\"ImageObject\",\"inLanguage\":\"nb-NO\",\"@id\":\"https:\\\/\\\/www.sikkerhetsavisen.no\\\/nve-vurderer-nye-tiltak-for-a-styrke-sikkerheten-i-kraftsystemet\\\/#primaryimage\",\"url\":\"https:\\\/\\\/www.sikkerhetsavisen.no\\\/wp-content\\\/uploads\\\/2025\\\/05\\\/Foto-Herman-Dreyer-nve.jpg\",\"contentUrl\":\"https:\\\/\\\/www.sikkerhetsavisen.no\\\/wp-content\\\/uploads\\\/2025\\\/05\\\/Foto-Herman-Dreyer-nve.jpg\",\"width\":960,\"height\":720,\"caption\":\"Foto: Herman Dreyer\\\/ NVE\"},{\"@type\":\"BreadcrumbList\",\"@id\":\"https:\\\/\\\/www.sikkerhetsavisen.no\\\/nve-vurderer-nye-tiltak-for-a-styrke-sikkerheten-i-kraftsystemet\\\/#breadcrumb\",\"itemListElement\":[{\"@type\":\"ListItem\",\"position\":1,\"name\":\"Hjem\",\"item\":\"https:\\\/\\\/www.sikkerhetsavisen.no\\\/\"},{\"@type\":\"ListItem\",\"position\":2,\"name\":\"NVE vurderer nye tiltak for \u00e5 styrke sikkerheten i kraftsystemet\"}]},{\"@type\":\"WebSite\",\"@id\":\"https:\\\/\\\/www.sikkerhetsavisen.no\\\/#website\",\"url\":\"https:\\\/\\\/www.sikkerhetsavisen.no\\\/\",\"name\":\"Sikkerhetsavisen\",\"description\":\"Vi forteller deg det du trenger \u00e5 vite om beredskap og sikkerhet\",\"publisher\":{\"@id\":\"https:\\\/\\\/www.sikkerhetsavisen.no\\\/#organization\"},\"potentialAction\":[{\"@type\":\"SearchAction\",\"target\":{\"@type\":\"EntryPoint\",\"urlTemplate\":\"https:\\\/\\\/www.sikkerhetsavisen.no\\\/?s={search_term_string}\"},\"query-input\":{\"@type\":\"PropertyValueSpecification\",\"valueRequired\":true,\"valueName\":\"search_term_string\"}}],\"inLanguage\":\"nb-NO\"},{\"@type\":\"Organization\",\"@id\":\"https:\\\/\\\/www.sikkerhetsavisen.no\\\/#organization\",\"name\":\"Sikkerhetsavisen\",\"url\":\"https:\\\/\\\/www.sikkerhetsavisen.no\\\/\",\"logo\":{\"@type\":\"ImageObject\",\"inLanguage\":\"nb-NO\",\"@id\":\"https:\\\/\\\/www.sikkerhetsavisen.no\\\/#\\\/schema\\\/logo\\\/image\\\/\",\"url\":\"https:\\\/\\\/www.sikkerhetsavisen.no\\\/wp-content\\\/uploads\\\/2025\\\/05\\\/sa02.jpg\",\"contentUrl\":\"https:\\\/\\\/www.sikkerhetsavisen.no\\\/wp-content\\\/uploads\\\/2025\\\/05\\\/sa02.jpg\",\"width\":1024,\"height\":334,\"caption\":\"Sikkerhetsavisen\"},\"image\":{\"@id\":\"https:\\\/\\\/www.sikkerhetsavisen.no\\\/#\\\/schema\\\/logo\\\/image\\\/\"},\"sameAs\":[\"https:\\\/\\\/www.facebook.com\\\/profile.php?id=61577278190693\"]},{\"@type\":\"Person\",\"@id\":\"https:\\\/\\\/www.sikkerhetsavisen.no\\\/#\\\/schema\\\/person\\\/c427c5c9f1c38525e50fafd5c74e5d63\",\"name\":\"Redaksjonen\",\"image\":{\"@type\":\"ImageObject\",\"inLanguage\":\"nb-NO\",\"@id\":\"https:\\\/\\\/secure.gravatar.com\\\/avatar\\\/1ac6eb72a7beb235d85ed4b418d96f61e9431b643146ebcdef6add8c812377b7?s=96&d=mm&r=g\",\"url\":\"https:\\\/\\\/secure.gravatar.com\\\/avatar\\\/1ac6eb72a7beb235d85ed4b418d96f61e9431b643146ebcdef6add8c812377b7?s=96&d=mm&r=g\",\"contentUrl\":\"https:\\\/\\\/secure.gravatar.com\\\/avatar\\\/1ac6eb72a7beb235d85ed4b418d96f61e9431b643146ebcdef6add8c812377b7?s=96&d=mm&r=g\",\"caption\":\"Redaksjonen\"},\"sameAs\":[\"https:\\\/\\\/www.sikkerhetsavisen.no\"],\"url\":\"https:\\\/\\\/www.sikkerhetsavisen.no\\\/author\\\/knut\\\/\"}]}<\/script>\n<!-- \/ Yoast SEO plugin. -->","yoast_head_json":{"title":"NVE vurderer nye tiltak for \u00e5 styrke sikkerheten i kraftsystemet - Sikkerhetsavisen","robots":{"index":"index","follow":"follow","max-snippet":"max-snippet:-1","max-image-preview":"max-image-preview:large","max-video-preview":"max-video-preview:-1"},"canonical":"https:\/\/www.sikkerhetsavisen.no\/nve-vurderer-nye-tiltak-for-a-styrke-sikkerheten-i-kraftsystemet\/","og_locale":"nb_NO","og_type":"article","og_title":"NVE vurderer nye tiltak for \u00e5 styrke sikkerheten i kraftsystemet - Sikkerhetsavisen","og_description":"NVE vil kartlegge den samlede reparasjonsberedskapen, vurdere endringer i organiseringen, og vurdere nye krav til fysisk sikring av kraftanlegg. \u2013Norge er kanskje verdens mest elektrifiserte land. Slutter kraftsystemet \u00e5 virke, slutter Norge \u00e5 virke i &hellip; NVE vurderer nye tiltak for \u00e5 styrke sikkerheten i kraftsystemetRead more","og_url":"https:\/\/www.sikkerhetsavisen.no\/nve-vurderer-nye-tiltak-for-a-styrke-sikkerheten-i-kraftsystemet\/","og_site_name":"Sikkerhetsavisen","article_publisher":"https:\/\/www.facebook.com\/profile.php?id=61577278190693","article_published_time":"2025-05-02T11:25:53+00:00","og_image":[{"width":960,"height":720,"url":"https:\/\/www.sikkerhetsavisen.no\/wp-content\/uploads\/2025\/05\/Foto-Herman-Dreyer-nve.jpg","type":"image\/jpeg"}],"author":"Redaksjonen","twitter_card":"summary_large_image","twitter_misc":{"Skrevet av":"Redaksjonen","Ansl. lesetid":"2 minutter"},"schema":{"@context":"https:\/\/schema.org","@graph":[{"@type":"Article","@id":"https:\/\/www.sikkerhetsavisen.no\/nve-vurderer-nye-tiltak-for-a-styrke-sikkerheten-i-kraftsystemet\/#article","isPartOf":{"@id":"https:\/\/www.sikkerhetsavisen.no\/nve-vurderer-nye-tiltak-for-a-styrke-sikkerheten-i-kraftsystemet\/"},"author":{"name":"Redaksjonen","@id":"https:\/\/www.sikkerhetsavisen.no\/#\/schema\/person\/c427c5c9f1c38525e50fafd5c74e5d63"},"headline":"NVE vurderer nye tiltak for \u00e5 styrke sikkerheten i kraftsystemet","datePublished":"2025-05-02T11:25:53+00:00","mainEntityOfPage":{"@id":"https:\/\/www.sikkerhetsavisen.no\/nve-vurderer-nye-tiltak-for-a-styrke-sikkerheten-i-kraftsystemet\/"},"wordCount":423,"publisher":{"@id":"https:\/\/www.sikkerhetsavisen.no\/#organization"},"image":{"@id":"https:\/\/www.sikkerhetsavisen.no\/nve-vurderer-nye-tiltak-for-a-styrke-sikkerheten-i-kraftsystemet\/#primaryimage"},"thumbnailUrl":"https:\/\/www.sikkerhetsavisen.no\/wp-content\/uploads\/2025\/05\/Foto-Herman-Dreyer-nve.jpg","articleSection":["NYHETER"],"inLanguage":"nb-NO"},{"@type":"WebPage","@id":"https:\/\/www.sikkerhetsavisen.no\/nve-vurderer-nye-tiltak-for-a-styrke-sikkerheten-i-kraftsystemet\/","url":"https:\/\/www.sikkerhetsavisen.no\/nve-vurderer-nye-tiltak-for-a-styrke-sikkerheten-i-kraftsystemet\/","name":"NVE vurderer nye tiltak for \u00e5 styrke sikkerheten i kraftsystemet - Sikkerhetsavisen","isPartOf":{"@id":"https:\/\/www.sikkerhetsavisen.no\/#website"},"primaryImageOfPage":{"@id":"https:\/\/www.sikkerhetsavisen.no\/nve-vurderer-nye-tiltak-for-a-styrke-sikkerheten-i-kraftsystemet\/#primaryimage"},"image":{"@id":"https:\/\/www.sikkerhetsavisen.no\/nve-vurderer-nye-tiltak-for-a-styrke-sikkerheten-i-kraftsystemet\/#primaryimage"},"thumbnailUrl":"https:\/\/www.sikkerhetsavisen.no\/wp-content\/uploads\/2025\/05\/Foto-Herman-Dreyer-nve.jpg","datePublished":"2025-05-02T11:25:53+00:00","breadcrumb":{"@id":"https:\/\/www.sikkerhetsavisen.no\/nve-vurderer-nye-tiltak-for-a-styrke-sikkerheten-i-kraftsystemet\/#breadcrumb"},"inLanguage":"nb-NO","potentialAction":[{"@type":"ReadAction","target":["https:\/\/www.sikkerhetsavisen.no\/nve-vurderer-nye-tiltak-for-a-styrke-sikkerheten-i-kraftsystemet\/"]}]},{"@type":"ImageObject","inLanguage":"nb-NO","@id":"https:\/\/www.sikkerhetsavisen.no\/nve-vurderer-nye-tiltak-for-a-styrke-sikkerheten-i-kraftsystemet\/#primaryimage","url":"https:\/\/www.sikkerhetsavisen.no\/wp-content\/uploads\/2025\/05\/Foto-Herman-Dreyer-nve.jpg","contentUrl":"https:\/\/www.sikkerhetsavisen.no\/wp-content\/uploads\/2025\/05\/Foto-Herman-Dreyer-nve.jpg","width":960,"height":720,"caption":"Foto: Herman Dreyer\/ NVE"},{"@type":"BreadcrumbList","@id":"https:\/\/www.sikkerhetsavisen.no\/nve-vurderer-nye-tiltak-for-a-styrke-sikkerheten-i-kraftsystemet\/#breadcrumb","itemListElement":[{"@type":"ListItem","position":1,"name":"Hjem","item":"https:\/\/www.sikkerhetsavisen.no\/"},{"@type":"ListItem","position":2,"name":"NVE vurderer nye tiltak for \u00e5 styrke sikkerheten i kraftsystemet"}]},{"@type":"WebSite","@id":"https:\/\/www.sikkerhetsavisen.no\/#website","url":"https:\/\/www.sikkerhetsavisen.no\/","name":"Sikkerhetsavisen","description":"Vi forteller deg det du trenger \u00e5 vite om beredskap og sikkerhet","publisher":{"@id":"https:\/\/www.sikkerhetsavisen.no\/#organization"},"potentialAction":[{"@type":"SearchAction","target":{"@type":"EntryPoint","urlTemplate":"https:\/\/www.sikkerhetsavisen.no\/?s={search_term_string}"},"query-input":{"@type":"PropertyValueSpecification","valueRequired":true,"valueName":"search_term_string"}}],"inLanguage":"nb-NO"},{"@type":"Organization","@id":"https:\/\/www.sikkerhetsavisen.no\/#organization","name":"Sikkerhetsavisen","url":"https:\/\/www.sikkerhetsavisen.no\/","logo":{"@type":"ImageObject","inLanguage":"nb-NO","@id":"https:\/\/www.sikkerhetsavisen.no\/#\/schema\/logo\/image\/","url":"https:\/\/www.sikkerhetsavisen.no\/wp-content\/uploads\/2025\/05\/sa02.jpg","contentUrl":"https:\/\/www.sikkerhetsavisen.no\/wp-content\/uploads\/2025\/05\/sa02.jpg","width":1024,"height":334,"caption":"Sikkerhetsavisen"},"image":{"@id":"https:\/\/www.sikkerhetsavisen.no\/#\/schema\/logo\/image\/"},"sameAs":["https:\/\/www.facebook.com\/profile.php?id=61577278190693"]},{"@type":"Person","@id":"https:\/\/www.sikkerhetsavisen.no\/#\/schema\/person\/c427c5c9f1c38525e50fafd5c74e5d63","name":"Redaksjonen","image":{"@type":"ImageObject","inLanguage":"nb-NO","@id":"https:\/\/secure.gravatar.com\/avatar\/1ac6eb72a7beb235d85ed4b418d96f61e9431b643146ebcdef6add8c812377b7?s=96&d=mm&r=g","url":"https:\/\/secure.gravatar.com\/avatar\/1ac6eb72a7beb235d85ed4b418d96f61e9431b643146ebcdef6add8c812377b7?s=96&d=mm&r=g","contentUrl":"https:\/\/secure.gravatar.com\/avatar\/1ac6eb72a7beb235d85ed4b418d96f61e9431b643146ebcdef6add8c812377b7?s=96&d=mm&r=g","caption":"Redaksjonen"},"sameAs":["https:\/\/www.sikkerhetsavisen.no"],"url":"https:\/\/www.sikkerhetsavisen.no\/author\/knut\/"}]}},"_links":{"self":[{"href":"https:\/\/www.sikkerhetsavisen.no\/?rest_route=\/wp\/v2\/posts\/151","targetHints":{"allow":["GET"]}}],"collection":[{"href":"https:\/\/www.sikkerhetsavisen.no\/?rest_route=\/wp\/v2\/posts"}],"about":[{"href":"https:\/\/www.sikkerhetsavisen.no\/?rest_route=\/wp\/v2\/types\/post"}],"author":[{"embeddable":true,"href":"https:\/\/www.sikkerhetsavisen.no\/?rest_route=\/wp\/v2\/users\/1"}],"replies":[{"embeddable":true,"href":"https:\/\/www.sikkerhetsavisen.no\/?rest_route=%2Fwp%2Fv2%2Fcomments&post=151"}],"version-history":[{"count":2,"href":"https:\/\/www.sikkerhetsavisen.no\/?rest_route=\/wp\/v2\/posts\/151\/revisions"}],"predecessor-version":[{"id":159,"href":"https:\/\/www.sikkerhetsavisen.no\/?rest_route=\/wp\/v2\/posts\/151\/revisions\/159"}],"wp:featuredmedia":[{"embeddable":true,"href":"https:\/\/www.sikkerhetsavisen.no\/?rest_route=\/wp\/v2\/media\/154"}],"wp:attachment":[{"href":"https:\/\/www.sikkerhetsavisen.no\/?rest_route=%2Fwp%2Fv2%2Fmedia&parent=151"}],"wp:term":[{"taxonomy":"category","embeddable":true,"href":"https:\/\/www.sikkerhetsavisen.no\/?rest_route=%2Fwp%2Fv2%2Fcategories&post=151"},{"taxonomy":"post_tag","embeddable":true,"href":"https:\/\/www.sikkerhetsavisen.no\/?rest_route=%2Fwp%2Fv2%2Ftags&post=151"}],"curies":[{"name":"wp","href":"https:\/\/api.w.org\/{rel}","templated":true}]}}